{"id":1093,"date":"2025-12-28T02:20:00","date_gmt":"2025-12-28T01:20:00","guid":{"rendered":"https:\/\/schweiz.blog\/?p=1093"},"modified":"2026-03-19T14:17:35","modified_gmt":"2026-03-19T13:17:35","slug":"kanton-lucern-turismus-tradice-a-moderna-svycarsko","status":"publish","type":"post","link":"https:\/\/schweiz.blog\/cs\/kanton-luzern-tourismus-tradition-und-moderne-schweiz\/","title":{"rendered":"Kanton Lucern \u2013 Turismus, tradice a modern\u00ed \u0160v\u00fdcarsko"},"content":{"rendered":"<p class=\"wp-block-paragraph\">Ten\/Ta\/To <strong><a href=\"https:\/\/schweiz.blog\/cs\/kategorie\/kanton-lucern\/\" data-type=\"category\" data-id=\"3103\">Kanton Lucern<\/a><\/strong> Je to jeden z nejzn\u00e1m\u011bj\u0161\u00edch region\u016f \u0160v\u00fdcarska. Kanton Lucern v sob\u011b spojuje historickou identitu, silnou turistickou atraktivitu a st\u00e1le modern\u011bj\u0161\u00ed ka\u017edodenn\u00ed \u017eivot \u2013 \u010dasto podce\u0148ovan\u00fd, balancuj\u00edc\u00ed mezi m\u00fdtem a realitou.<\/p>\n\n\n\n<h3 class=\"wp-block-heading\">Cestovn\u00ed ruch jako ur\u010duj\u00edc\u00ed s\u00edla<\/h3>\n\n\n\n<p class=\"wp-block-paragraph\">Lucern m\u00e1 mezin\u00e1rodn\u00ed reputaci. M\u011bsto, Lucernsk\u00e9 jezero a okoln\u00ed hory p\u0159itahuj\u00ed ka\u017edoro\u010dn\u011b miliony n\u00e1v\u0161t\u011bvn\u00edk\u016f. Cestovn\u00ed ruch zde nen\u00ed jen ekonomick\u00fdm odv\u011btv\u00edm, ale ned\u00edlnou sou\u010d\u00e1st\u00ed ka\u017edodenn\u00edho \u017eivota.<\/p>\n\n\n\n<p class=\"wp-block-paragraph\">To nab\u00edz\u00ed p\u0159\u00edle\u017eitosti:<\/p>\n\n\n\n<ul class=\"wp-block-list\">\n<li>pracovn\u00ed m\u00edsta<\/li>\n\n\n\n<li>Mezin\u00e1rodn\u00ed networking<\/li>\n\n\n\n<li>Kulturn\u00ed rozmanitost<\/li>\n<\/ul>\n\n\n\n<p class=\"wp-block-paragraph\">Ale tak\u00e9 v\u00fdzvy:<\/p>\n\n\n\n<ul class=\"wp-block-list\">\n<li>Nadm\u011brn\u00e1 turistika ve \u0161pi\u010dce<\/li>\n\n\n\n<li>Tlak na bydlen\u00ed<\/li>\n\n\n\n<li>Nap\u011bt\u00ed mezi m\u00edstn\u00edmi obyvateli a n\u00e1v\u0161t\u011bvn\u00edky<\/li>\n<\/ul>\n\n\n\n<h3 class=\"wp-block-heading\">\u017divot mezi m\u011bstem a venkovem<\/h3>\n\n\n\n<p class=\"wp-block-paragraph\">Mimo m\u011bsto, <a href=\"https:\/\/schweiz.blog\/cs\/kategorie\/kanton-lucern\/\" data-type=\"category\" data-id=\"3103\">Kanton Lucern<\/a> Praktick\u00e9 a venkovsk\u00e9. Komunity jsou hluboce zako\u0159en\u011bn\u00e9, klubov\u00fd \u017eivot je aktivn\u00ed a bl\u00edzkost p\u0159\u00edrody je v\u0161udyp\u0159\u00edtomn\u00e1. Mnoho lid\u00ed doj\u00ed\u017ed\u00ed \u2013 v r\u00e1mci kantonu nebo sm\u011brem do Curychu.<\/p>\n\n\n\n<p class=\"wp-block-paragraph\">Tato sm\u011bs mezin\u00e1rodn\u00edho m\u011bsta a tradi\u010dn\u00edho okol\u00ed d\u011bl\u00e1 z kantonu v\u00fdjime\u010dn\u00fd z\u00e1\u017eitek.<\/p>\n\n\n\n<h3 class=\"wp-block-heading\">Ekonomika a pr\u00e1ce<\/h3>\n\n\n\n<p class=\"wp-block-paragraph\">Krom\u011b cestovn\u00edho ruchu hraje d\u016fle\u017eitou roli tak\u00e9 pr\u016fmysl, zdravotnictv\u00ed a vzd\u011bl\u00e1v\u00e1n\u00ed. Lucern se st\u00e1le v\u00edce rozv\u00edj\u00ed jako centrum slu\u017eeb a vzd\u011bl\u00e1v\u00e1n\u00ed, ani\u017e by zcela ztratil sv\u016fj region\u00e1ln\u00ed charakter.<\/p>\n\n\n\n<h3 class=\"wp-block-heading\">Soci\u00e1ln\u00ed zm\u011bna<\/h3>\n\n\n\n<p class=\"wp-block-paragraph\">Kanton Lucern je p\u0159\u00edkladem balancov\u00e1n\u00ed mezi zachov\u00e1n\u00edm pam\u00e1tek a otev\u0159enost\u00ed. Tradi\u010dn\u00ed hodnoty jsou p\u0159\u00edtomny, zat\u00edmco rozmanitost roste. Tato zm\u011bna prob\u00edh\u00e1 klidn\u011b, ale jist\u011b.<\/p>\n\n\n\n<h3 class=\"wp-block-heading\">v\u00fdhled<\/h3>\n\n\n\n<p class=\"wp-block-paragraph\">Ten\/Ta\/To <a href=\"https:\/\/schweiz.blog\/cs\/kategorie\/kanton-lucern\/\" data-type=\"category\" data-id=\"3103\">Kanton Lucern<\/a> Mus\u00ed se nau\u010dit, jak zach\u00e1zet se svou popularitou. Pokud se mu poda\u0159\u00ed up\u0159ednostnit kvalitu p\u0159ed kvantitou, m\u016f\u017ee z toho z dlouhodob\u00e9ho hlediska t\u011b\u017eit \u2013 jak ekonomicky, tak i soci\u00e1ln\u011b.<\/p>\n\n\n\n<!-- schweiz.blog x schweiz.work -->\n<div style=\"  margin:48px 0;  padding:28px 32px;  border-radius:16px;  background:linear-gradient(180deg,#0f172a,#020617);  border:1px solid rgba(255,255,255,0.08);  color:#e5e7eb;  font-family:system-ui,-apple-system,BlinkMacSystemFont,'Segoe UI',sans-serif;\">\n  <span style=\"    display:inline-block;    font-size:12px;    letter-spacing:0.08em;    text-transform:uppercase;    color:#93c5fd;    margin-bottom:12px;  \">\n    schweiz.blog \u00d7 schweiz.work\n  <\/span>\n\n  <h3 style=\"margin:0 0 10px 0; font-size:20px; font-weight:600;\">\n    Pr\u00e1ce a slu\u017eby ve \u0160v\u00fdcarsku\n  <\/h3>\n\n  <p style=\"margin:0 0 18px 0; font-size:15px; line-height:1.6; color:#cbd5f5;\">\n    Na <strong>switzerland.work<\/strong> Najd\u011bte si slu\u017eby ze \u0160v\u00fdcarska \u2013 nebo to zvl\u00e1dnete sami? <strong>Jedna reklama je 30 dn\u00ed zdarma.<\/strong> publikovat.\n  <\/p>\n\n  <a href=\"https:\/\/schweiz.work\/?ref=schweizblog\" style=\"       display:inline-block;       padding:10px 16px;       border-radius:10px;       background:#ffffff;       color:#020617;       font-weight:600;       font-size:14px;       text-decoration:none;     \" target=\"_blank\" rel=\"noopener\">\n    P\u0159ej\u00edt na schweiz.work \u2192\n  <\/a>\n<\/div>\n<!-- \/schweiz.blog x schweiz.work -->","protected":false},"excerpt":{"rendered":"Der Kanton Luzern geh\u00f6rt zu den bekanntesten Regionen der Schweiz. Der Kanton Luzern verbindet historische Identit\u00e4t, starke touristische&hellip;","protected":false},"author":274216737,"featured_media":1096,"comment_status":"open","ping_status":"open","sticky":false,"template":"","format":"standard","meta":{"_crdt_document":"","_jetpack_newsletter_access":"","_jetpack_dont_email_post_to_subs":true,"_jetpack_newsletter_tier_id":0,"_jetpack_memberships_contains_paywalled_content":false,"csco_display_header_overlay":false,"csco_singular_sidebar":"","csco_page_header_type":"","csco_page_load_nextpost":"","csco_page_reading_time":"","csco_page_toc_navigation":"","csco_post_video_location":[],"csco_post_video_location_hash":"","csco_post_video_url":"","csco_post_video_bg_start_time":0,"csco_post_video_bg_end_time":0,"csco_post_video_bg_volume":false,"_jetpack_memberships_contains_paid_content":false,"footnotes":"","jetpack_post_was_ever_published":false},"categories":[3103],"tags":[3144,3139,3141,3143,3140,3145,3142],"class_list":{"0":"post-1093","1":"post","2":"type-post","3":"status-publish","4":"format-standard","5":"has-post-thumbnail","7":"category-kanton-luzern","8":"tag-kanton-luzern","9":"tag-leben-im-kanton-luzern","10":"tag-luzern-gesellschaft","11":"tag-luzern-tourismus","12":"tag-luzern-wirtschaft","13":"tag-luzern-zukunft","14":"tag-vierwaldstaettersee-region","15":"cs-entry","16":"cs-video-wrap"},"jetpack_featured_media_url":"https:\/\/i0.wp.com\/schweiz.blog\/wp-content\/uploads\/2025\/12\/20251228_0217_Luzern_-Tradition-Moderne_simple_compose_01kdh8g64jfrs9559erec5yxvy.png?fit=1536%2C1024&ssl=1","jetpack_sharing_enabled":true,"jetpack_shortlink":"https:\/\/wp.me\/pgWLwP-hD","_links":{"self":[{"href":"https:\/\/schweiz.blog\/cs\/wp-json\/wp\/v2\/posts\/1093","targetHints":{"allow":["GET"]}}],"collection":[{"href":"https:\/\/schweiz.blog\/cs\/wp-json\/wp\/v2\/posts"}],"about":[{"href":"https:\/\/schweiz.blog\/cs\/wp-json\/wp\/v2\/types\/post"}],"author":[{"embeddable":true,"href":"https:\/\/schweiz.blog\/cs\/wp-json\/wp\/v2\/users\/274216737"}],"replies":[{"embeddable":true,"href":"https:\/\/schweiz.blog\/cs\/wp-json\/wp\/v2\/comments?post=1093"}],"version-history":[{"count":2,"href":"https:\/\/schweiz.blog\/cs\/wp-json\/wp\/v2\/posts\/1093\/revisions"}],"predecessor-version":[{"id":1097,"href":"https:\/\/schweiz.blog\/cs\/wp-json\/wp\/v2\/posts\/1093\/revisions\/1097"}],"wp:featuredmedia":[{"embeddable":true,"href":"https:\/\/schweiz.blog\/cs\/wp-json\/wp\/v2\/media\/1096"}],"wp:attachment":[{"href":"https:\/\/schweiz.blog\/cs\/wp-json\/wp\/v2\/media?parent=1093"}],"wp:term":[{"taxonomy":"category","embeddable":true,"href":"https:\/\/schweiz.blog\/cs\/wp-json\/wp\/v2\/categories?post=1093"},{"taxonomy":"post_tag","embeddable":true,"href":"https:\/\/schweiz.blog\/cs\/wp-json\/wp\/v2\/tags?post=1093"}],"curies":[{"name":"wp","href":"https:\/\/api.w.org\/{rel}","templated":true}]}}