{"id":1137,"date":"2025-12-28T13:06:57","date_gmt":"2025-12-28T12:06:57","guid":{"rendered":"https:\/\/schweiz.blog\/?p=1137"},"modified":"2026-03-19T14:20:13","modified_gmt":"2026-03-19T13:20:13","slug":"kanton-freiburg-dvojjazycnost-rovnovaha-a-kazdodenni-svycarsky-zivot","status":"publish","type":"post","link":"https:\/\/schweiz.blog\/cs\/kanton-freiburg-zweisprachigkeit-balance-und-schweizer-alltag\/","title":{"rendered":"Kanton Fribourg \u2013 dvojjazy\u010dnost, rovnov\u00e1ha a ka\u017edodenn\u00ed \u0161v\u00fdcarsk\u00fd \u017eivot"},"content":{"rendered":"<p class=\"wp-block-paragraph\">Ten\/Ta\/To <strong><a href=\"https:\/\/schweiz.blog\/cs\/kategorie\/kanton-freiburg\/\" data-type=\"category\" data-id=\"3110\">Kanton Fribourg<\/a><\/strong> Fribourg hraje ve \u0160v\u00fdcarsku zvl\u00e1\u0161tn\u00ed roli. Kanton Fribourg spojuje n\u011bmecky a francouzsky mluv\u00edc\u00ed kulturu a je pova\u017eov\u00e1n za most mezi dv\u011bma mentalitami, kter\u00e9 utv\u00e1\u0159ej\u00ed zemi.<\/p>\n\n\n\n<h3 class=\"wp-block-heading\">Bilingvismus jako ka\u017edodenn\u00ed \u017eivot<\/h3>\n\n\n\n<p class=\"wp-block-paragraph\">Ve Freiburgu nen\u00ed dvojjazy\u010dnost politickou debatou, ale realitou. \u0160koly, administrativa i ve\u0159ejnost p\u0159irozen\u011b p\u0159ech\u00e1zej\u00ed mezi n\u011bm\u010dinou a francouz\u0161tinou. Tato bl\u00edzkost podporuje porozum\u011bn\u00ed, ale tak\u00e9 vy\u017eaduje neust\u00e1lou koordinaci.<\/p>\n\n\n\n<p class=\"wp-block-paragraph\">To je obzvl\u00e1\u0161t\u011b patrn\u00e9:<\/p>\n\n\n\n<ul class=\"wp-block-list\">\n<li>ve vzd\u011bl\u00e1vac\u00edm syst\u00e9mu<\/li>\n\n\n\n<li>v politice<\/li>\n\n\n\n<li>na trhu pr\u00e1ce<\/li>\n<\/ul>\n\n\n\n<p class=\"wp-block-paragraph\">Freiburg je proto pova\u017eov\u00e1n za kanton se siln\u00fdm integra\u010dn\u00edm \u00fasil\u00edm.<\/p>\n\n\n\n<h3 class=\"wp-block-heading\">\u017divot mezi m\u011bstem a venkovem<\/h3>\n\n\n\n<p class=\"wp-block-paragraph\">Kanton je p\u0159ev\u00e1\u017en\u011b venkovsk\u00fd s n\u011bkolika m\u011bstsk\u00fdmi centry. M\u011bsto Fribourg slou\u017e\u00ed jako kulturn\u00ed a administrativn\u00ed centrum, zat\u00edmco mnoho obc\u00ed je siln\u011b zem\u011bd\u011blsk\u00fdch.<\/p>\n\n\n\n<p class=\"wp-block-paragraph\">Tato struktura zaji\u0161\u0165uje:<\/p>\n\n\n\n<ul class=\"wp-block-list\">\n<li>m\u00edrn\u00e9 \u017eivotn\u00ed n\u00e1klady<\/li>\n\n\n\n<li>\u00fazk\u00e1 soci\u00e1ln\u00ed soudr\u017enost<\/li>\n\n\n\n<li>vysok\u00e1 kvalita \u017eivota<\/li>\n<\/ul>\n\n\n\n<h3 class=\"wp-block-heading\">Ekonomick\u00e1 struktura<\/h3>\n\n\n\n<p class=\"wp-block-paragraph\">Zem\u011bd\u011blstv\u00ed, potravin\u00e1\u0159sk\u00fd pr\u016fmysl, vzd\u011bl\u00e1v\u00e1n\u00ed a ve\u0159ejn\u00e1 spr\u00e1va formuj\u00ed ekonomiku. Freiburg nen\u00ed centrem r\u016fstu, ale stabiln\u00edm kantonem se spolehliv\u00fdmi strukturami.<\/p>\n\n\n\n<p class=\"wp-block-paragraph\">Pr\u00e1v\u011b tato stabilita ho \u010din\u00ed atraktivn\u00edm pro rodiny a studenty.<\/p>\n\n\n\n<h3 class=\"wp-block-heading\">Soci\u00e1ln\u00ed dynamika<\/h3>\n\n\n\n<p class=\"wp-block-paragraph\">Kanton Fribourg je pova\u017eov\u00e1n za vyrovnan\u00fd, klidn\u00fd a ochotn\u00fd ke kompromis\u016fm. Extr\u00e9mn\u00ed politick\u00e9 v\u00fdkyvy jsou vz\u00e1cn\u00e9. Zm\u011bny prob\u00edhaj\u00ed postupn\u011b a obvykle jsou zam\u011b\u0159eny na konsensus.<\/p>\n\n\n\n<h3 class=\"wp-block-heading\">Budouc\u00ed vyhl\u00eddky<\/h3>\n\n\n\n<p class=\"wp-block-paragraph\"><a href=\"https:\/\/schweiz.blog\/cs\/kategorie\/kanton-freiburg\/\" data-type=\"category\" data-id=\"3110\">Freiburg\u016fv <\/a>Jeho s\u00edla spo\u010d\u00edv\u00e1 v jeho zprost\u0159edkovatelsk\u00e9 roli. Ve st\u00e1le v\u00edce polarizovan\u00e9m sv\u011bt\u011b by pr\u00e1v\u011b tato schopnost mohla nab\u00fdt na v\u00fdznamu \u2013 pro kanton i pro cel\u00e9 \u0160v\u00fdcarsko.<\/p>\n\n\n\n<!-- schweiz.blog x schweiz.work -->\n<div style=\"  margin:56px 0;  padding:24px 28px;  border-left:3px solid #60a5fa;  background:rgba(255,255,255,0.02);  color:#e5e7eb;  font-family:system-ui,sans-serif;\">\n  <p style=\"margin:0 0 12px 0; font-size:15px; line-height:1.7;\">\n    Vedle tohoto blogu provozujeme s <strong>switzerland.work<\/strong>  \n    platforma pro slu\u017eby ve \u0160v\u00fdcarsku.\n  <\/p>\n\n  <p style=\"margin:0; font-size:15px;\">\n    <a href=\"https:\/\/schweiz.work\/?ref=schweizblog\" style=\"color:#93c5fd; font-weight:500; text-decoration:none;\" target=\"_blank\" rel=\"noopener\">\n      1 Inzer\u00e1t aktu\u00e1ln\u011b zdarma po dobu 30 dn\u016f \u2192\n    <\/a>\n  <\/p>\n<\/div>\n<!-- \/schweiz.blog x schweiz.work -->","protected":false},"excerpt":{"rendered":"Der Kanton Freiburg nimmt in der Schweiz eine besondere Rolle ein. Der Kanton Freiburg verbindet deutsch- und franz\u00f6sischsprachige&hellip;","protected":false},"author":274216737,"featured_media":1140,"comment_status":"open","ping_status":"open","sticky":false,"template":"","format":"standard","meta":{"_crdt_document":"","_jetpack_newsletter_access":"","_jetpack_dont_email_post_to_subs":true,"_jetpack_newsletter_tier_id":0,"_jetpack_memberships_contains_paywalled_content":false,"csco_display_header_overlay":false,"csco_singular_sidebar":"","csco_page_header_type":"","csco_page_load_nextpost":"","csco_page_reading_time":"","csco_page_toc_navigation":"","csco_post_video_location":[],"csco_post_video_location_hash":"","csco_post_video_url":"","csco_post_video_bg_start_time":0,"csco_post_video_bg_end_time":0,"csco_post_video_bg_volume":false,"_jetpack_memberships_contains_paid_content":false,"footnotes":"","jetpack_post_was_ever_published":false},"categories":[3110],"tags":[3205,3203,3201,3202,3204,3200],"class_list":{"0":"post-1137","1":"post","2":"type-post","3":"status-publish","4":"format-standard","5":"has-post-thumbnail","7":"category-kanton-freiburg","8":"tag-freiburg-gesellschaft","9":"tag-freiburg-region","10":"tag-freiburg-wirtschaft","11":"tag-freiburg-zweisprachigkeit","12":"tag-kanton-freiburg","13":"tag-leben-im-kanton-freiburg","14":"cs-entry","15":"cs-video-wrap"},"jetpack_featured_media_url":"https:\/\/i0.wp.com\/schweiz.blog\/wp-content\/uploads\/2025\/12\/20251228_1304_Zweisprachige-Balance_simple_compose_01kdjdh95kekzr8spg0ys022k3.png?fit=1536%2C1024&ssl=1","jetpack_sharing_enabled":true,"jetpack_shortlink":"https:\/\/wp.me\/pgWLwP-il","_links":{"self":[{"href":"https:\/\/schweiz.blog\/cs\/wp-json\/wp\/v2\/posts\/1137","targetHints":{"allow":["GET"]}}],"collection":[{"href":"https:\/\/schweiz.blog\/cs\/wp-json\/wp\/v2\/posts"}],"about":[{"href":"https:\/\/schweiz.blog\/cs\/wp-json\/wp\/v2\/types\/post"}],"author":[{"embeddable":true,"href":"https:\/\/schweiz.blog\/cs\/wp-json\/wp\/v2\/users\/274216737"}],"replies":[{"embeddable":true,"href":"https:\/\/schweiz.blog\/cs\/wp-json\/wp\/v2\/comments?post=1137"}],"version-history":[{"count":2,"href":"https:\/\/schweiz.blog\/cs\/wp-json\/wp\/v2\/posts\/1137\/revisions"}],"predecessor-version":[{"id":1141,"href":"https:\/\/schweiz.blog\/cs\/wp-json\/wp\/v2\/posts\/1137\/revisions\/1141"}],"wp:featuredmedia":[{"embeddable":true,"href":"https:\/\/schweiz.blog\/cs\/wp-json\/wp\/v2\/media\/1140"}],"wp:attachment":[{"href":"https:\/\/schweiz.blog\/cs\/wp-json\/wp\/v2\/media?parent=1137"}],"wp:term":[{"taxonomy":"category","embeddable":true,"href":"https:\/\/schweiz.blog\/cs\/wp-json\/wp\/v2\/categories?post=1137"},{"taxonomy":"post_tag","embeddable":true,"href":"https:\/\/schweiz.blog\/cs\/wp-json\/wp\/v2\/tags?post=1137"}],"curies":[{"name":"wp","href":"https:\/\/api.w.org\/{rel}","templated":true}]}}