{"id":920,"date":"2025-12-04T13:21:23","date_gmt":"2025-12-04T12:21:23","guid":{"rendered":"https:\/\/schweiz.blog\/?p=920"},"modified":"2026-03-19T14:21:15","modified_gmt":"2026-03-19T13:21:15","slug":"energia-sostenible-en-suiza","status":"publish","type":"post","link":"https:\/\/schweiz.blog\/es\/nachhaltige-energie-in-der-schweiz\/","title":{"rendered":"Energ\u00eda sostenible en Suiza: por qu\u00e9 nos esperan a\u00f1os cruciales."},"content":{"rendered":"<p class=\"wp-block-paragraph\">La transici\u00f3n energ\u00e9tica es uno de los temas m\u00e1s importantes de nuestro tiempo. En Suiza, grandes proyectos, nuevas leyes e inversiones est\u00e1n a la vanguardia, con el objetivo de lograr un suministro energ\u00e9tico seguro, limpio y asequible a largo plazo. Las energ\u00edas renovables, en particular, est\u00e1n experimentando un crecimiento extraordinario.<\/p>\n\n\n\n<h2 class=\"wp-block-heading\"><strong>La energ\u00eda solar est\u00e1 en auge.<\/strong><\/h2>\n\n\n\n<p class=\"wp-block-paragraph\">Cada vez m\u00e1s tejados se transforman en minicentrales el\u00e9ctricas. Gracias a la simplificaci\u00f3n de los tr\u00e1mites de permisos y a los innovadores modelos de financiaci\u00f3n, tanto particulares como empresas optan por instalar sus propios sistemas de energ\u00eda solar. Los proyectos solares en zonas alpinas tambi\u00e9n est\u00e1n ganando importancia.<\/p>\n\n\n\n<h2 class=\"wp-block-heading\"><strong>La energ\u00eda hidroel\u00e9ctrica sigue siendo fundamental.<\/strong><\/h2>\n\n\n\n<p class=\"wp-block-paragraph\">Suiza se beneficia de su ubicaci\u00f3n geogr\u00e1fica. La energ\u00eda hidroel\u00e9ctrica sigue siendo la principal fuente de energ\u00eda renovable y se est\u00e1 reforzando a\u00fan m\u00e1s mediante la ampliaci\u00f3n y modernizaci\u00f3n de los embalses.<\/p>\n\n\n\n<h2 class=\"wp-block-heading\"><strong>La eficiencia energ\u00e9tica est\u00e1 adquiriendo cada vez m\u00e1s importancia.<\/strong><\/h2>\n\n\n\n<p class=\"wp-block-paragraph\">Adem\u00e1s de la producci\u00f3n, el consumo tambi\u00e9n desempe\u00f1a un papel fundamental. Los contadores inteligentes, los sistemas de calefacci\u00f3n inteligentes y los electrodom\u00e9sticos de bajo consumo ayudan a conservar los recursos y a evitar los picos de demanda de electricidad.<\/p>\n\n\n\n<h2 class=\"wp-block-heading\"><strong>Conclusi\u00f3n<\/strong><\/h2>\n\n\n\n<p class=\"wp-block-paragraph\">Suiza se encuentra en una fase crucial de su transici\u00f3n energ\u00e9tica. Gracias a las inversiones, las innovaciones y el apoyo pol\u00edtico, el camino hacia un futuro energ\u00e9tico sostenible se perfila cada vez con mayor claridad. Los pr\u00f3ximos a\u00f1os determinar\u00e1n la preparaci\u00f3n del pa\u00eds para las generaciones futuras.<\/p>","protected":false},"excerpt":{"rendered":"Die Energiewende ist eines der wichtigsten Themen unserer Zeit. In der Schweiz stehen grosse Projekte, neue Gesetze und&hellip;","protected":false},"author":274216737,"featured_media":921,"comment_status":"open","ping_status":"open","sticky":false,"template":"","format":"standard","meta":{"_crdt_document":"","_jetpack_newsletter_access":"","_jetpack_dont_email_post_to_subs":true,"_jetpack_newsletter_tier_id":0,"_jetpack_memberships_contains_paywalled_content":false,"csco_display_header_overlay":false,"csco_singular_sidebar":"","csco_page_header_type":"","csco_page_load_nextpost":"","csco_page_reading_time":"","csco_page_toc_navigation":"","csco_post_video_location":[],"csco_post_video_location_hash":"","csco_post_video_url":"","csco_post_video_bg_start_time":0,"csco_post_video_bg_end_time":0,"csco_post_video_bg_volume":false,"_jetpack_memberships_contains_paid_content":false,"footnotes":"","jetpack_post_was_ever_published":false},"categories":[2724],"tags":[3030,3029,3027,3026,3031,3028],"class_list":{"0":"post-920","1":"post","2":"type-post","3":"status-publish","4":"format-standard","5":"has-post-thumbnail","7":"category-alltag","8":"tag-energieeffizienz","9":"tag-energiewende-schweiz","10":"tag-erneuerbare-energien","11":"tag-nachhaltige-energie-schweiz","12":"tag-solarstrom-schweiz","13":"tag-wasserkraft","14":"cs-entry","15":"cs-video-wrap"},"jetpack_featured_media_url":"https:\/\/i0.wp.com\/schweiz.blog\/wp-content\/uploads\/2025\/12\/20251204_1318_Schweizer-Energiewende_simple_compose_01kbmmqht1fy59x04x963q3h19.png?fit=1536%2C1024&ssl=1","jetpack_sharing_enabled":true,"jetpack_shortlink":"https:\/\/wp.me\/pgWLwP-eQ","_links":{"self":[{"href":"https:\/\/schweiz.blog\/es\/wp-json\/wp\/v2\/posts\/920","targetHints":{"allow":["GET"]}}],"collection":[{"href":"https:\/\/schweiz.blog\/es\/wp-json\/wp\/v2\/posts"}],"about":[{"href":"https:\/\/schweiz.blog\/es\/wp-json\/wp\/v2\/types\/post"}],"author":[{"embeddable":true,"href":"https:\/\/schweiz.blog\/es\/wp-json\/wp\/v2\/users\/274216737"}],"replies":[{"embeddable":true,"href":"https:\/\/schweiz.blog\/es\/wp-json\/wp\/v2\/comments?post=920"}],"version-history":[{"count":2,"href":"https:\/\/schweiz.blog\/es\/wp-json\/wp\/v2\/posts\/920\/revisions"}],"predecessor-version":[{"id":923,"href":"https:\/\/schweiz.blog\/es\/wp-json\/wp\/v2\/posts\/920\/revisions\/923"}],"wp:featuredmedia":[{"embeddable":true,"href":"https:\/\/schweiz.blog\/es\/wp-json\/wp\/v2\/media\/921"}],"wp:attachment":[{"href":"https:\/\/schweiz.blog\/es\/wp-json\/wp\/v2\/media?parent=920"}],"wp:term":[{"taxonomy":"category","embeddable":true,"href":"https:\/\/schweiz.blog\/es\/wp-json\/wp\/v2\/categories?post=920"},{"taxonomy":"post_tag","embeddable":true,"href":"https:\/\/schweiz.blog\/es\/wp-json\/wp\/v2\/tags?post=920"}],"curies":[{"name":"wp","href":"https:\/\/api.w.org\/{rel}","templated":true}]}}