{"id":916,"date":"2025-12-04T13:19:49","date_gmt":"2025-12-04T12:19:49","guid":{"rendered":"https:\/\/schweiz.blog\/?p=916"},"modified":"2026-03-19T14:21:26","modified_gmt":"2026-03-19T13:21:26","slug":"la-numerisation-en-suisse","status":"publish","type":"post","link":"https:\/\/schweiz.blog\/fr\/digitalisierung-in-der-schweiz\/","title":{"rendered":"La num\u00e9risation en Suisse \u2013 Comment le quotidien devient de plus en plus intelligent"},"content":{"rendered":"<p class=\"wp-block-paragraph\">La Suisse figure depuis des ann\u00e9es parmi les pays les plus avanc\u00e9s num\u00e9riquement en Europe. Mais ces derniers mois, cette \u00e9volution s&#039;est consid\u00e9rablement acc\u00e9l\u00e9r\u00e9e. Que ce soit dans l&#039;administration, la mobilit\u00e9 ou la sant\u00e9, de plus en plus de secteurs s&#039;appuient sur des solutions num\u00e9riques pour simplifier et optimiser leurs processus.<\/p>\n\n\n\n<h2 class=\"wp-block-heading\"><strong>Les services en ligne en plein essor<\/strong><\/h2>\n\n\n\n<p class=\"wp-block-paragraph\">L&#039;utilisation des services publics num\u00e9riques est en plein essor. S&#039;inscrire aupr\u00e8s de la mairie, d\u00e9clarer ses imp\u00f4ts ou g\u00e9rer des documents\u00a0: de nombreuses d\u00e9marches peuvent d\u00e9sormais \u00eatre effectu\u00e9es facilement en ligne. Les entreprises y trouvent \u00e9galement leur compte\u00a0: moins de papier, des proc\u00e9dures plus rapides et une plus grande transparence.<\/p>\n\n\n\n<h2 class=\"wp-block-heading\"><strong>La mobilit\u00e9 intelligente au quotidien<\/strong><\/h2>\n\n\n\n<p class=\"wp-block-paragraph\">L&#039;int\u00e9gration des options de transport s&#039;acc\u00e9l\u00e8re. Les applications fournissent des informations en temps r\u00e9el sur les retards, la capacit\u00e9 et les itin\u00e9raires optimaux. Parall\u00e8lement, de plus en plus de projets pilotes de navettes autonomes voient le jour dans les villes, consid\u00e9r\u00e9s comme un mod\u00e8le d&#039;avenir pour les transports urbains.<\/p>\n\n\n\n<h2 class=\"wp-block-heading\"><strong>Services de sant\u00e9 num\u00e9riques<\/strong><\/h2>\n\n\n\n<p class=\"wp-block-paragraph\">Des dossiers m\u00e9dicaux \u00e9lectroniques \u00e0 la t\u00e9l\u00e9m\u00e9decine, le secteur de la sant\u00e9 se digitalise consid\u00e9rablement. Les consultations m\u00e9dicales virtuelles sont particuli\u00e8rement pris\u00e9es, car elles r\u00e9duisent les d\u00e9lais d&#039;attente et facilitent l&#039;acc\u00e8s aux conseils m\u00e9dicaux.<\/p>\n\n\n\n<h2 class=\"wp-block-heading\"><strong>Conclusion<\/strong><\/h2>\n\n\n\n<p class=\"wp-block-paragraph\">La num\u00e9risation transforme en profondeur la Suisse. L&#039;alliance du progr\u00e8s technologique et de normes de qualit\u00e9 \u00e9lev\u00e9es garantit une adoption et un d\u00e9veloppement rapides des nouvelles solutions. L&#039;avenir sera plus interconnect\u00e9 et, de ce fait, le quotidien sera consid\u00e9rablement simplifi\u00e9 pour de nombreuses personnes.<\/p>","protected":false},"excerpt":{"rendered":"Die Schweiz geh\u00f6rt seit Jahren zu den digital fortschrittlichsten L\u00e4ndern Europas. Doch gerade in den letzten Monaten hat&hellip;","protected":false},"author":274216737,"featured_media":918,"comment_status":"open","ping_status":"open","sticky":false,"template":"","format":"standard","meta":{"_crdt_document":"","_jetpack_newsletter_access":"","_jetpack_dont_email_post_to_subs":true,"_jetpack_newsletter_tier_id":0,"_jetpack_memberships_contains_paywalled_content":false,"csco_display_header_overlay":false,"csco_singular_sidebar":"","csco_page_header_type":"","csco_page_load_nextpost":"","csco_page_reading_time":"","csco_page_toc_navigation":"","csco_post_video_location":[],"csco_post_video_location_hash":"","csco_post_video_url":"","csco_post_video_bg_start_time":0,"csco_post_video_bg_end_time":0,"csco_post_video_bg_volume":false,"_jetpack_memberships_contains_paid_content":false,"footnotes":"","jetpack_post_was_ever_published":false},"categories":[2723],"tags":[3020,3021,3024,3023,3022,3025],"class_list":{"0":"post-916","1":"post","2":"type-post","3":"status-publish","4":"format-standard","5":"has-post-thumbnail","7":"category-schweiz","8":"tag-digitale-transformation","9":"tag-digitalisierung-schweiz","10":"tag-e-government-schweiz","11":"tag-smart-mobility","12":"tag-technologie-trends-schweiz","13":"tag-telemedizin","14":"cs-entry","15":"cs-video-wrap"},"jetpack_featured_media_url":"https:\/\/i0.wp.com\/schweiz.blog\/wp-content\/uploads\/2025\/12\/20251204_1318_Schweizer-Digitalisierungstrends_simple_compose_01kbmmq2yvfrvvk89atjv6s1pk.png?fit=1536%2C1024&ssl=1","jetpack_sharing_enabled":true,"jetpack_shortlink":"https:\/\/wp.me\/pgWLwP-eM","_links":{"self":[{"href":"https:\/\/schweiz.blog\/fr\/wp-json\/wp\/v2\/posts\/916","targetHints":{"allow":["GET"]}}],"collection":[{"href":"https:\/\/schweiz.blog\/fr\/wp-json\/wp\/v2\/posts"}],"about":[{"href":"https:\/\/schweiz.blog\/fr\/wp-json\/wp\/v2\/types\/post"}],"author":[{"embeddable":true,"href":"https:\/\/schweiz.blog\/fr\/wp-json\/wp\/v2\/users\/274216737"}],"replies":[{"embeddable":true,"href":"https:\/\/schweiz.blog\/fr\/wp-json\/wp\/v2\/comments?post=916"}],"version-history":[{"count":2,"href":"https:\/\/schweiz.blog\/fr\/wp-json\/wp\/v2\/posts\/916\/revisions"}],"predecessor-version":[{"id":919,"href":"https:\/\/schweiz.blog\/fr\/wp-json\/wp\/v2\/posts\/916\/revisions\/919"}],"wp:featuredmedia":[{"embeddable":true,"href":"https:\/\/schweiz.blog\/fr\/wp-json\/wp\/v2\/media\/918"}],"wp:attachment":[{"href":"https:\/\/schweiz.blog\/fr\/wp-json\/wp\/v2\/media?parent=916"}],"wp:term":[{"taxonomy":"category","embeddable":true,"href":"https:\/\/schweiz.blog\/fr\/wp-json\/wp\/v2\/categories?post=916"},{"taxonomy":"post_tag","embeddable":true,"href":"https:\/\/schweiz.blog\/fr\/wp-json\/wp\/v2\/tags?post=916"}],"curies":[{"name":"wp","href":"https:\/\/api.w.org\/{rel}","templated":true}]}}