{"id":1356,"date":"2025-12-28T16:48:01","date_gmt":"2025-12-28T15:48:01","guid":{"rendered":"https:\/\/schweiz.blog\/?p=1356"},"modified":"2026-03-19T14:19:35","modified_gmt":"2026-03-19T13:19:35","slug":"kanton-nidwalden-2026-kako-ce-se-promijeniti-zivot-putovanje-na-posao-i-svakodnevni-zivot","status":"publish","type":"post","link":"https:\/\/schweiz.blog\/hr\/kanton-nidwalden-2026-wie-wohnen-pendeln-und-alltag-sich-veraendern\/","title":{"rendered":"Kanton Nidwalden 2026. \u2013 Kako \u0107e se promijeniti \u017eivot, putovanje na posao i svakodnevni \u017eivot"},"content":{"rendered":"<p class=\"wp-block-paragraph\">The <strong><a href=\"https:\/\/schweiz.blog\/hr\/kategorija\/kanton-nidwalden\/\" data-type=\"category\" data-id=\"3107\">Kanton Nidwalden<\/a><\/strong> Nidwalden se suo\u010dava s postupnim promjenama 2026. Kanton mora uskladiti rastu\u0107u potra\u017enju s ograni\u010denim prostorom.<\/p>\n\n\n\n<h3 class=\"wp-block-heading\">Stambeno pitanje ostaje glavni problem<\/h3>\n\n\n\n<p class=\"wp-block-paragraph\">Grade se novi stambeni projekti, a gusto\u0107a naseljenosti raste. Istovremeno, raste \u017eelja za o\u010duvanjem karaktera sela i krajolika.<\/p>\n\n\n\n<h3 class=\"wp-block-heading\">Putovanje na posao i mobilnost<\/h3>\n\n\n\n<p class=\"wp-block-paragraph\">Mnogi rade izvan kantona. Upravljanje prometom i veze javnog prijevoza postaju sve va\u017eniji.<\/p>\n\n\n\n<h3 class=\"wp-block-heading\">Gospodarski razvoj<\/h3>\n\n\n\n<p class=\"wp-block-paragraph\">Mala i srednja poduze\u0107a ostat \u0107e dominantna. Ne o\u010dekuju se ve\u0107e strukturne promjene.<\/p>\n\n\n\n<h3 class=\"wp-block-heading\">Dru\u0161tvene promjene<\/h3>\n\n\n\n<p class=\"wp-block-paragraph\">Stanovni\u0161tvo postaje sve raznolikije, ali integracija uglavnom ostaje bez sukoba.<\/p>\n\n\n\n<h3 class=\"wp-block-heading\">Infrastruktura i opskrba<\/h3>\n\n\n\n<p class=\"wp-block-paragraph\">\u0160kole, zdravstvo i uprava se posebno pro\u0161iruju.<\/p>\n\n\n\n<h3 class=\"wp-block-heading\">Zaklju\u010dak<\/h3>\n\n\n\n<p class=\"wp-block-paragraph\">Kanton Nidwalden postat \u0107e jo\u0161 atraktivniji 2026. godine. Njegov izazov le\u017ei u kontroliranom rastu.<\/p>\n\n\n\n<!-- schweiz.blog x schweiz.work -->\n<div style=\"  margin:56px 0;  padding:24px 28px;  border-left:3px solid #60a5fa;  background:rgba(255,255,255,0.02);  color:#e5e7eb;  font-family:system-ui,sans-serif;\">\n  <p style=\"margin:0 0 12px 0; font-size:15px; line-height:1.7;\">\n    Osim ovog bloga, tako\u0111er vodimo <strong>\u0161vicarska.rad<\/strong>  \n    platforma za usluge u \u0160vicarskoj.\n  <\/p>\n\n  <p style=\"margin:0; font-size:15px;\">\n    <a href=\"https:\/\/schweiz.work\/?ref=schweizblog\" style=\"color:#93c5fd; font-weight:500; text-decoration:none;\" target=\"_blank\" rel=\"noopener\">\n      1 oglas trenutno besplatan 30 dana \u2192\n    <\/a>\n  <\/p>\n<\/div>\n<!-- \/schweiz.blog x schweiz.work -->","protected":false},"excerpt":{"rendered":"Der Kanton Nidwalden steht 2026 vor schrittweisem Wandel. Der Kanton Nidwalden muss wachsende Nachfrage mit begrenztem Raum in&hellip;","protected":false},"author":274216737,"featured_media":1353,"comment_status":"open","ping_status":"open","sticky":false,"template":"","format":"standard","meta":{"_crdt_document":"","_jetpack_newsletter_access":"","_jetpack_dont_email_post_to_subs":true,"_jetpack_newsletter_tier_id":0,"_jetpack_memberships_contains_paywalled_content":false,"csco_display_header_overlay":false,"csco_singular_sidebar":"","csco_page_header_type":"","csco_page_load_nextpost":"","csco_page_reading_time":"","csco_page_toc_navigation":"","csco_post_video_location":[],"csco_post_video_location_hash":"","csco_post_video_url":"","csco_post_video_bg_start_time":0,"csco_post_video_bg_end_time":0,"csco_post_video_bg_volume":false,"_jetpack_memberships_contains_paid_content":false,"footnotes":"","jetpack_post_was_ever_published":false},"categories":[3107,2710],"tags":[3440,3443,3441,3442,3444],"class_list":{"0":"post-1356","1":"post","2":"type-post","3":"status-publish","4":"format-standard","5":"has-post-thumbnail","7":"category-kanton-nidwalden","8":"category-allgemein","9":"tag-kanton-nidwalden-2026","10":"tag-nidwalden-veraenderungen-2026","11":"tag-nidwalden-zukunft","12":"tag-pendeln-nidwalden","13":"tag-wohnen-nidwalden-2026","14":"cs-entry","15":"cs-video-wrap"},"jetpack_featured_media_url":"https:\/\/i0.wp.com\/schweiz.blog\/wp-content\/uploads\/2025\/12\/20251228_1645_Nidwalden-2026-Impressionen_simple_compose_01kdjt55djf5kvcr7179wm7tv2.png?fit=1536%2C1024&ssl=1","jetpack_sharing_enabled":true,"jetpack_shortlink":"https:\/\/wp.me\/pgWLwP-lS","_links":{"self":[{"href":"https:\/\/schweiz.blog\/hr\/wp-json\/wp\/v2\/posts\/1356","targetHints":{"allow":["GET"]}}],"collection":[{"href":"https:\/\/schweiz.blog\/hr\/wp-json\/wp\/v2\/posts"}],"about":[{"href":"https:\/\/schweiz.blog\/hr\/wp-json\/wp\/v2\/types\/post"}],"author":[{"embeddable":true,"href":"https:\/\/schweiz.blog\/hr\/wp-json\/wp\/v2\/users\/274216737"}],"replies":[{"embeddable":true,"href":"https:\/\/schweiz.blog\/hr\/wp-json\/wp\/v2\/comments?post=1356"}],"version-history":[{"count":2,"href":"https:\/\/schweiz.blog\/hr\/wp-json\/wp\/v2\/posts\/1356\/revisions"}],"predecessor-version":[{"id":1358,"href":"https:\/\/schweiz.blog\/hr\/wp-json\/wp\/v2\/posts\/1356\/revisions\/1358"}],"wp:featuredmedia":[{"embeddable":true,"href":"https:\/\/schweiz.blog\/hr\/wp-json\/wp\/v2\/media\/1353"}],"wp:attachment":[{"href":"https:\/\/schweiz.blog\/hr\/wp-json\/wp\/v2\/media?parent=1356"}],"wp:term":[{"taxonomy":"category","embeddable":true,"href":"https:\/\/schweiz.blog\/hr\/wp-json\/wp\/v2\/categories?post=1356"},{"taxonomy":"post_tag","embeddable":true,"href":"https:\/\/schweiz.blog\/hr\/wp-json\/wp\/v2\/tags?post=1356"}],"curies":[{"name":"wp","href":"https:\/\/api.w.org\/{rel}","templated":true}]}}