{"id":1195,"date":"2025-12-28T15:03:34","date_gmt":"2025-12-28T14:03:34","guid":{"rendered":"https:\/\/schweiz.blog\/?p=1195"},"modified":"2026-03-19T14:20:05","modified_gmt":"2026-03-19T13:20:05","slug":"kanton-zurich-2026-apa-yang-benar-benar-akan-berubah-dalam-kehidupan-sehari-hari","status":"publish","type":"post","link":"https:\/\/schweiz.blog\/id_id\/kanton-zuerich-2026-was-sich-im-alltag-wirklich-veraendert\/","title":{"rendered":"Kanton Zurich 2026 \u2013 Apa yang benar-benar akan berubah dalam kehidupan sehari-hari?"},"content":{"rendered":"<p class=\"wp-block-paragraph\">Itu <strong><a href=\"https:\/\/schweiz.blog\/id_id\/kategori\/kanton-zuerich\/\" data-type=\"category\" data-id=\"3101\">Kanton Zurich<\/a><\/strong> Tahun 2026 menandai titik balik. Kanton Zurich akan mengalami perubahan yang mungkin tampak kurang spektakuler, tetapi akan secara nyata memengaruhi kehidupan sehari-hari banyak orang.<\/p>\n\n\n\n<h3 class=\"wp-block-heading\">Perumahan tetap menjadi isu utama.<\/h3>\n\n\n\n<p class=\"wp-block-paragraph\">Pasar perumahan tetap ketat. Kepadatan hunian, pembangunan baru, dan konversi lahan semakin meningkat. Pada saat yang sama, tekanan politik semakin meningkat untuk mengamankan perumahan yang terjangkau.<\/p>\n\n\n\n<p class=\"wp-block-paragraph\">Tahun 2026 berarti:<\/p>\n\n\n\n<ul class=\"wp-block-list\">\n<li>lebih banyak proyek konstruksi<\/li>\n\n\n\n<li>ruang hidup yang lebih kecil<\/li>\n\n\n\n<li>peningkatan penggunaan aglomerasi<\/li>\n<\/ul>\n\n\n\n<h3 class=\"wp-block-heading\">Pekerjaan menjadi lebih fleksibel \u2013 tetapi tidak lebih mudah.<\/h3>\n\n\n\n<p class=\"wp-block-paragraph\">Model kerja hibrida sudah menjadi hal yang umum. Pola perjalanan ke kantor berubah, kantor semakin kecil, dan tempat tinggal menjadi semakin penting. Pada saat yang sama, tekanan kinerja meningkat di banyak industri.<\/p>\n\n\n\n<p class=\"wp-block-paragraph\">Zurich tetap menarik, tetapi juga menuntut.<\/p>\n\n\n\n<h3 class=\"wp-block-heading\">Transportasi sedang mengalami transformasi.<\/h3>\n\n\n\n<p class=\"wp-block-paragraph\">Perluasan transportasi umum, langkah-langkah penenangan lalu lintas, dan konsep mobilitas baru membentuk perencanaan tersebut. Mengemudi tidak akan hilang, tetapi akan menjadi lebih rumit.<\/p>\n\n\n\n<p class=\"wp-block-paragraph\">Kanton tersebut secara diam-diam namun konsisten menguji solusi-solusi baru.<\/p>\n\n\n\n<h3 class=\"wp-block-heading\">Perubahan sosial<\/h3>\n\n\n\n<p class=\"wp-block-paragraph\">Populasi semakin internasional dan menua pada saat yang bersamaan. Integrasi, pendidikan, dan percampuran sosial menjadi lebih penting daripada sekadar angka pertumbuhan.<\/p>\n\n\n\n<h3 class=\"wp-block-heading\">Digitalisasi tanpa gembar-gembor<\/h3>\n\n\n\n<p class=\"wp-block-paragraph\">Administrasi digital, proses yang didukung AI, dan otomatisasi semakin meningkat \u2013 secara pragmatis, tanpa menjadi berita utama yang mencolok.<\/p>\n\n\n\n<h3 class=\"wp-block-heading\">Kesimpulan<\/h3>\n\n\n\n<p class=\"wp-block-paragraph\">Itu <a href=\"https:\/\/schweiz.blog\/id_id\/kategori\/kanton-zuerich\/\" data-type=\"category\" data-id=\"3101\">Kanton Zurich<\/a> Kota ini tidak akan sepenuhnya berubah pada tahun 2026. Tetapi akan menjadi lebih padat, terorganisir lebih cepat, dan memiliki tuntutan sosial yang lebih tinggi. Mereka yang tinggal di sini merasakan perubahan tersebut \u2013 seringkali dalam detail-detail kecil.<\/p>\n\n\n\n<!-- schweiz.blog x schweiz.work -->\n<div style=\"  margin:56px 0;  padding:24px 28px;  border-left:3px solid #60a5fa;  background:rgba(255,255,255,0.02);  color:#e5e7eb;  font-family:system-ui,sans-serif;\">\n  <p style=\"margin:0 0 12px 0; font-size:15px; line-height:1.7;\">\n    Selain blog ini, kami juga menjalankan <strong>swiss.work<\/strong>  \n    sebuah platform untuk layanan di Swiss.\n  <\/p>\n\n  <p style=\"margin:0; font-size:15px;\">\n    <a href=\"https:\/\/schweiz.work\/?ref=schweizblog\" style=\"color:#93c5fd; font-weight:500; text-decoration:none;\" target=\"_blank\" rel=\"noopener\">\n      1 iklan saat ini gratis selama 30 hari \u2192\n    <\/a>\n  <\/p>\n<\/div>\n<!-- \/schweiz.blog x schweiz.work -->","protected":false},"excerpt":{"rendered":"Der Kanton Z\u00fcrich steht 2026 an einem Wendepunkt. Der Kanton Z\u00fcrich erlebt Ver\u00e4nderungen, die weniger spektakul\u00e4r wirken, aber&hellip;","protected":false},"author":274216737,"featured_media":1192,"comment_status":"open","ping_status":"open","sticky":false,"template":"","format":"standard","meta":{"_crdt_document":"","_jetpack_newsletter_access":"","_jetpack_dont_email_post_to_subs":true,"_jetpack_newsletter_tier_id":0,"_jetpack_memberships_contains_paywalled_content":false,"csco_display_header_overlay":false,"csco_singular_sidebar":"","csco_page_header_type":"","csco_page_load_nextpost":"","csco_page_reading_time":"","csco_page_toc_navigation":"","csco_post_video_location":[],"csco_post_video_location_hash":"","csco_post_video_url":"","csco_post_video_bg_start_time":0,"csco_post_video_bg_end_time":0,"csco_post_video_bg_volume":false,"_jetpack_memberships_contains_paid_content":false,"footnotes":"","jetpack_post_was_ever_published":false},"categories":[3101],"tags":[3276,3274,3275,3277,3130],"class_list":{"0":"post-1195","1":"post","2":"type-post","3":"status-publish","4":"format-standard","5":"has-post-thumbnail","7":"category-kanton-zuerich","8":"tag-arbeit-zuerich-2026","9":"tag-kanton-zuerich-2026","10":"tag-wohnen-zuerich-2026","11":"tag-zuerich-veraenderungen-2026","12":"tag-zuerich-zukunft","13":"cs-entry","14":"cs-video-wrap"},"jetpack_featured_media_url":"https:\/\/i0.wp.com\/schweiz.blog\/wp-content\/uploads\/2025\/12\/20251228_1456_Zuerich-Zukunftsimpulse_simple_compose_01kdjky7zafvqam5bm7bq6vsc0.png?fit=1536%2C1024&ssl=1","jetpack_sharing_enabled":true,"jetpack_shortlink":"https:\/\/wp.me\/pgWLwP-jh","_links":{"self":[{"href":"https:\/\/schweiz.blog\/id_id\/wp-json\/wp\/v2\/posts\/1195","targetHints":{"allow":["GET"]}}],"collection":[{"href":"https:\/\/schweiz.blog\/id_id\/wp-json\/wp\/v2\/posts"}],"about":[{"href":"https:\/\/schweiz.blog\/id_id\/wp-json\/wp\/v2\/types\/post"}],"author":[{"embeddable":true,"href":"https:\/\/schweiz.blog\/id_id\/wp-json\/wp\/v2\/users\/274216737"}],"replies":[{"embeddable":true,"href":"https:\/\/schweiz.blog\/id_id\/wp-json\/wp\/v2\/comments?post=1195"}],"version-history":[{"count":2,"href":"https:\/\/schweiz.blog\/id_id\/wp-json\/wp\/v2\/posts\/1195\/revisions"}],"predecessor-version":[{"id":1197,"href":"https:\/\/schweiz.blog\/id_id\/wp-json\/wp\/v2\/posts\/1195\/revisions\/1197"}],"wp:featuredmedia":[{"embeddable":true,"href":"https:\/\/schweiz.blog\/id_id\/wp-json\/wp\/v2\/media\/1192"}],"wp:attachment":[{"href":"https:\/\/schweiz.blog\/id_id\/wp-json\/wp\/v2\/media?parent=1195"}],"wp:term":[{"taxonomy":"category","embeddable":true,"href":"https:\/\/schweiz.blog\/id_id\/wp-json\/wp\/v2\/categories?post=1195"},{"taxonomy":"post_tag","embeddable":true,"href":"https:\/\/schweiz.blog\/id_id\/wp-json\/wp\/v2\/tags?post=1195"}],"curies":[{"name":"wp","href":"https:\/\/api.w.org\/{rel}","templated":true}]}}