{"id":1129,"date":"2025-12-28T13:01:54","date_gmt":"2025-12-28T12:01:54","guid":{"rendered":"https:\/\/schweiz.blog\/?p=1129"},"modified":"2026-03-19T14:20:15","modified_gmt":"2026-03-19T13:20:15","slug":"kanton-zug-wirtschaft-steieren-a-modernt-liewen","status":"publish","type":"post","link":"https:\/\/schweiz.blog\/lb\/kanton-zug-wirtschaft-steuern-und-modernes-leben\/","title":{"rendered":"Kanton Zug \u2013 Wirtschaft, Steieren a modernt Liewen"},"content":{"rendered":"<p class=\"wp-block-paragraph\">Den <strong><a href=\"https:\/\/schweiz.blog\/lb\/kategorie\/kanton-zug\/\" data-type=\"category\" data-id=\"3109\">Kanton Zug<\/a><\/strong> Zug ass ee vun de Kantonen mat dem Afloss vun der Schw\u00e4iz. De Kanton steet fir wirtschaftlech Attraktivit\u00e9it, niddreg Steieren an eng international Orient\u00e9ierung, d\u00e9i w\u00e4it iwwer seng geographesch Gr\u00e9isst erausgeet.<\/p>\n\n\n\n<h3 class=\"wp-block-heading\">Wirtschaftlech Lag vu globaler Bedeitung<\/h3>\n\n\n\n<p class=\"wp-block-paragraph\">Zug huet sech strategesch als Gesch\u00e4ftsplaz position\u00e9iert. International Konzerner, Rohstofffirmen, Technologiefirmen a Start-ups pr\u00e4gen de Kanton. Zug ass besonnesch bekannt fir:<\/p>\n\n\n\n<ul class=\"wp-block-list\">\n<li>attraktiv Steierbedingungen<\/li>\n\n\n\n<li>international Firmen\u00ebmlagerungen<\/li>\n\n\n\n<li>h\u00e9ich Firmendicht<\/li>\n\n\n\n<li>dat sougenannt Krypto-Dall<\/li>\n<\/ul>\n\n\n\n<p class=\"wp-block-paragraph\">D\u00ebs Faktoren hunn Zug zu engem vun de r\u00e4ichste Kantonen gemaach.<\/p>\n\n\n\n<h3 class=\"wp-block-heading\">Liewen am Kanton Zug<\/h3>\n\n\n\n<p class=\"wp-block-paragraph\">H\u00e9ich Akommes a niddreg Steiere kommen mat hirem Pr\u00e4is. Wunnengen si rar an deier. Gl\u00e4ichz\u00e4iteg bitt de Kanton:<\/p>\n\n\n\n<ul class=\"wp-block-list\">\n<li>kuerz Distanzen<\/li>\n\n\n\n<li>h\u00e9ich S\u00e9cherheet<\/li>\n\n\n\n<li>gutt Schoulen<\/li>\n\n\n\n<li>h\u00e9ich Liewensqualit\u00e9it<\/li>\n<\/ul>\n\n\n\n<p class=\"wp-block-paragraph\">Den Zuger S\u00e9i an d&#039;Noperschaft zu Naturschutzgebidder bidden e wichtegt Gl\u00e4ichgewiicht fir den leeschtungsorient\u00e9ierten Alldag.<\/p>\n\n\n\n<h3 class=\"wp-block-heading\">Sozial Struktur<\/h3>\n\n\n\n<p class=\"wp-block-paragraph\">D&#039;Bev\u00eblkerung ass international, gutt gebilt a mobil. Vill Leit sinn immigr\u00e9iert, wat d&#039;sozial Diversit\u00e9it erh\u00e9icht, awer och Integratiounsproblemer opwerft.<\/p>\n\n\n\n<p class=\"wp-block-paragraph\">Zich g\u00ebllen als effizient, roueg a staark op Funktionalit\u00e9it konzentr\u00e9iert.<\/p>\n\n\n\n<h3 class=\"wp-block-heading\">Politesch Orient\u00e9ierung<\/h3>\n\n\n\n<p class=\"wp-block-paragraph\">Politesch konzentr\u00e9iert sech de Kanton op wirtschaftsfr\u00ebndlech Konditiounen an eng schlank Verwaltung. Gesellschaftlech Debatten si generell pragmatesch a manner ideologesch w\u00e9i an de Stied.<\/p>\n\n\n\n<h3 class=\"wp-block-heading\">Zukunftsaussichten<\/h3>\n\n\n\n<p class=\"wp-block-paragraph\">Den <a href=\"https:\/\/schweiz.blog\/lb\/kategorie\/kanton-zug\/\" data-type=\"category\" data-id=\"3109\">Kanton Zug<\/a> D&#039;Land steet virun der Erausfuerderung, Wuesstem a Wunnengsbed\u00fcrfnisser an Aklang ze br\u00e9ngen. Laangfristeg w\u00e4ert de wichtege Faktor sinn, w\u00e9i sozial ausgeglach d&#039;Verdeelung vum Erfolleg bleift.<\/p>\n\n\n\n<!-- schweiz.blog x schweiz.work -->\n<div style=\"  margin:56px 0;  padding:24px 28px;  border-left:3px solid #60a5fa;  background:rgba(255,255,255,0.02);  color:#e5e7eb;  font-family:system-ui,sans-serif;\">\n  <p style=\"margin:0 0 12px 0; font-size:15px; line-height:1.7;\">\n    Zous\u00e4tzlech zu d\u00ebsem Blog bedreiwen mir och <strong>Schw\u00e4iz.Aarbecht<\/strong>  \n    eng Plattform fir D\u00e9ngschter a Schw\u00e4iz.\n  <\/p>\n\n  <p style=\"margin:0; font-size:15px;\">\n    <a href=\"https:\/\/schweiz.work\/?ref=schweizblog\" style=\"color:#93c5fd; font-weight:500; text-decoration:none;\" target=\"_blank\" rel=\"noopener\">\n      1 Annonce aktuell 30 Deeg gratis \u2192\n    <\/a>\n  <\/p>\n<\/div>\n<!-- \/schweiz.blog x schweiz.work -->","protected":false},"excerpt":{"rendered":"Der Kanton Zug ist einer der einflussreichsten Kantone der Schweiz. Der Kanton Zug steht f\u00fcr wirtschaftliche Attraktivit\u00e4t, niedrige&hellip;","protected":false},"author":274216737,"featured_media":1132,"comment_status":"open","ping_status":"open","sticky":false,"template":"","format":"standard","meta":{"_crdt_document":"","_jetpack_newsletter_access":"","_jetpack_dont_email_post_to_subs":true,"_jetpack_newsletter_tier_id":0,"_jetpack_memberships_contains_paywalled_content":false,"csco_display_header_overlay":false,"csco_singular_sidebar":"","csco_page_header_type":"","csco_page_load_nextpost":"","csco_page_reading_time":"","csco_page_toc_navigation":"","csco_post_video_location":[],"csco_post_video_location_hash":"","csco_post_video_url":"","csco_post_video_bg_start_time":0,"csco_post_video_bg_end_time":0,"csco_post_video_bg_volume":false,"_jetpack_memberships_contains_paid_content":false,"footnotes":"","jetpack_post_was_ever_published":false},"categories":[3109],"tags":[3191,3190,3192,3189,3193,3188],"class_list":{"0":"post-1129","1":"post","2":"type-post","3":"status-publish","4":"format-standard","5":"has-post-thumbnail","7":"category-kanton-zug","8":"tag-crypto-valley-zug","9":"tag-kanton-zug","10":"tag-leben-im-kanton-zug","11":"tag-wohnen-zug","12":"tag-zug-steuern","13":"tag-zug-wirtschaft","14":"cs-entry","15":"cs-video-wrap"},"jetpack_featured_media_url":"https:\/\/i0.wp.com\/schweiz.blog\/wp-content\/uploads\/2025\/12\/20251228_1258_Kanton-Zug_-Wirtschaftssymbolik_simple_compose_01kdjd5hdpfn4v8h53at5m0n7x.png?fit=1536%2C1024&ssl=1","jetpack_sharing_enabled":true,"jetpack_shortlink":"https:\/\/wp.me\/pgWLwP-id","_links":{"self":[{"href":"https:\/\/schweiz.blog\/lb\/wp-json\/wp\/v2\/posts\/1129","targetHints":{"allow":["GET"]}}],"collection":[{"href":"https:\/\/schweiz.blog\/lb\/wp-json\/wp\/v2\/posts"}],"about":[{"href":"https:\/\/schweiz.blog\/lb\/wp-json\/wp\/v2\/types\/post"}],"author":[{"embeddable":true,"href":"https:\/\/schweiz.blog\/lb\/wp-json\/wp\/v2\/users\/274216737"}],"replies":[{"embeddable":true,"href":"https:\/\/schweiz.blog\/lb\/wp-json\/wp\/v2\/comments?post=1129"}],"version-history":[{"count":2,"href":"https:\/\/schweiz.blog\/lb\/wp-json\/wp\/v2\/posts\/1129\/revisions"}],"predecessor-version":[{"id":1133,"href":"https:\/\/schweiz.blog\/lb\/wp-json\/wp\/v2\/posts\/1129\/revisions\/1133"}],"wp:featuredmedia":[{"embeddable":true,"href":"https:\/\/schweiz.blog\/lb\/wp-json\/wp\/v2\/media\/1132"}],"wp:attachment":[{"href":"https:\/\/schweiz.blog\/lb\/wp-json\/wp\/v2\/media?parent=1129"}],"wp:term":[{"taxonomy":"category","embeddable":true,"href":"https:\/\/schweiz.blog\/lb\/wp-json\/wp\/v2\/categories?post=1129"},{"taxonomy":"post_tag","embeddable":true,"href":"https:\/\/schweiz.blog\/lb\/wp-json\/wp\/v2\/tags?post=1129"}],"curies":[{"name":"wp","href":"https:\/\/api.w.org\/{rel}","templated":true}]}}