{"id":1145,"date":"2025-12-28T13:11:46","date_gmt":"2025-12-28T12:11:46","guid":{"rendered":"https:\/\/schweiz.blog\/?p=1145"},"modified":"2026-03-19T14:20:12","modified_gmt":"2026-03-19T13:20:12","slug":"kanton-genf-international-stad-a-schwaeizer-realiteit","status":"publish","type":"post","link":"https:\/\/schweiz.blog\/lb\/kanton-genf-internationale-stadt-und-schweizer-realitaet\/","title":{"rendered":"Kanton Genf \u2013 International Stad a Schw\u00e4izer Realit\u00e9it"},"content":{"rendered":"<p class=\"wp-block-paragraph\">Den <strong><a href=\"https:\/\/schweiz.blog\/lb\/kategorie\/kanton-genf\/\" data-type=\"category\" data-id=\"3125\">Kanton Genf<\/a><\/strong> ass eenzegaarteg an der Schw\u00e4iz. De Kanton Genf ass global vernetzt, en diplomatescht Zentrum, an zur selwechter Z\u00e4it e dicht bewunnte Liewensraum mat senge eegenen sozialen Erausfuerderungen.<\/p>\n\n\n\n<h3 class=\"wp-block-heading\">International Organisatiounen an Afloss<\/h3>\n\n\n\n<p class=\"wp-block-paragraph\">Genf ass d&#039;Heemecht vun enger Rei internationalen Organisatiounen, ONGen an diplomatesche Missiounen. D\u00ebs Pr\u00e4senz huet e massiven Impakt op d&#039;Wirtschaft, den Aarbechtsmaart an d&#039;Stadbild.<\/p>\n\n\n\n<p class=\"wp-block-paragraph\">Typesch fir de Kanton:<\/p>\n\n\n\n<ul class=\"wp-block-list\">\n<li>h\u00e9ich international Immigratioun<\/li>\n\n\n\n<li>m\u00e9isproochegt Alldag<\/li>\n\n\n\n<li>staark global Netzwierker<\/li>\n<\/ul>\n\n\n\n<p class=\"wp-block-paragraph\">Gl\u00e4ichz\u00e4iteg g\u00ebtt eng gew\u00ebssen Distanz t\u00ebscht dem internationale Genf an der lokaler Bev\u00eblkerung geschaf.<\/p>\n\n\n\n<h3 class=\"wp-block-heading\">Wirtschaft a Aarbechtsmaart<\/h3>\n\n\n\n<p class=\"wp-block-paragraph\">Nieft internationalen Institutiounen spille Finanzservicer, Handel a Luxusgidder eng wichteg Roll. Den Aarbechtsmaart ass staark international orient\u00e9iert a gl\u00e4ichz\u00e4iteg h\u00e9ich kompetitiv.<\/p>\n\n\n\n<p class=\"wp-block-paragraph\">H\u00e9ich Akommes gi mat h\u00e9ije Liewensk\u00e4schte beg\u00e9int \u2013 besonnesch um Wunnengsmaart.<\/p>\n\n\n\n<h3 class=\"wp-block-heading\">Liewen an der urbaner Grenzregioun<\/h3>\n\n\n\n<p class=\"wp-block-paragraph\"><a href=\"https:\/\/schweiz.blog\/lb\/kategorie\/kanton-genf\/\" data-type=\"category\" data-id=\"3125\">Genf <\/a>Et l\u00e4it direkt un der frans\u00e9ischer Grenz. Vill Leit pendelen all Dag vu Frankr\u00e4ich an d&#039;Schw\u00e4iz. D\u00ebs Grenzsituatioun beaflosst staark de Verk\u00e9ier, de Wunnengsbau an d&#039;politesch Debatten.<\/p>\n\n\n\n<p class=\"wp-block-paragraph\">De Genfer S\u00e9i bitt gl\u00e4ichz\u00e4iteg Liewensqualit\u00e9it, Fr\u00e4iz\u00e4itaktivit\u00e9it an Identit\u00e9it.<\/p>\n\n\n\n<h3 class=\"wp-block-heading\">Gesellschaftlech Erausfuerderungen<\/h3>\n\n\n\n<p class=\"wp-block-paragraph\">Sozial Ongl\u00e4ichheet, Wunnengsmangel an Integratioun si Schl\u00ebsselproblemer. Genf g\u00ebllt als oppe an tolerant, awer huet m\u00e9i w\u00e9i aner Kantonen Problemer mat Spannungen an der Bannestad.<\/p>\n\n\n\n<h3 class=\"wp-block-heading\">Zukunftsaussichten<\/h3>\n\n\n\n<p class=\"wp-block-paragraph\">Den <a href=\"https:\/\/schweiz.blog\/lb\/kategorie\/kanton-genf\/\" data-type=\"category\" data-id=\"3125\">Kanton Genf<\/a> D&#039;Schw\u00e4iz steet virun der Erausfuerderung, hir international Roll mat der lokaler Liewensqualit\u00e9it besser auszebalanc\u00e9ieren. Wann et gel\u00e9ngt, bleift et eng global wichteg Plaz mat Schw\u00e4izer Stabilit\u00e9it.<\/p>\n\n\n\n<!-- schweiz.blog x schweiz.work -->\n<div style=\"  margin:56px 0;  padding:24px 28px;  border-left:3px solid #60a5fa;  background:rgba(255,255,255,0.02);  color:#e5e7eb;  font-family:system-ui,sans-serif;\">\n  <p style=\"margin:0 0 12px 0; font-size:15px; line-height:1.7;\">\n    Zous\u00e4tzlech zu d\u00ebsem Blog bedreiwen mir och <strong>Schw\u00e4iz.Aarbecht<\/strong>  \n    eng Plattform fir D\u00e9ngschter a Schw\u00e4iz.\n  <\/p>\n\n  <p style=\"margin:0; font-size:15px;\">\n    <a href=\"https:\/\/schweiz.work\/?ref=schweizblog\" style=\"color:#93c5fd; font-weight:500; text-decoration:none;\" target=\"_blank\" rel=\"noopener\">\n      1 Annonce aktuell 30 Deeg gratis \u2192\n    <\/a>\n  <\/p>\n<\/div>\n<!-- \/schweiz.blog x schweiz.work -->","protected":false},"excerpt":{"rendered":"Der Kanton Genf ist einzigartig innerhalb der Schweiz. Der Kanton Genf ist global vernetzt, diplomatisches Zentrum und gleichzeitig&hellip;","protected":false},"author":274216737,"featured_media":1149,"comment_status":"open","ping_status":"open","sticky":false,"template":"","format":"standard","meta":{"_crdt_document":"","_jetpack_newsletter_access":"","_jetpack_dont_email_post_to_subs":true,"_jetpack_newsletter_tier_id":0,"_jetpack_memberships_contains_paywalled_content":false,"csco_display_header_overlay":false,"csco_singular_sidebar":"","csco_page_header_type":"","csco_page_load_nextpost":"","csco_page_reading_time":"","csco_page_toc_navigation":"","csco_post_video_location":[],"csco_post_video_location_hash":"","csco_post_video_url":"","csco_post_video_bg_start_time":0,"csco_post_video_bg_end_time":0,"csco_post_video_bg_volume":false,"_jetpack_memberships_contains_paid_content":false,"footnotes":"","jetpack_post_was_ever_published":false},"categories":[3125],"tags":[3213,3215,3216,3217,3214,3212],"class_list":{"0":"post-1145","1":"post","2":"type-post","3":"status-publish","4":"format-standard","5":"has-post-thumbnail","7":"category-kanton-genf","8":"tag-genf-gesellschaft","9":"tag-genf-international","10":"tag-genf-wirtschaft","11":"tag-genfersee-stadt","12":"tag-kanton-genf","13":"tag-leben-im-kanton-genf","14":"cs-entry","15":"cs-video-wrap"},"jetpack_featured_media_url":"https:\/\/i0.wp.com\/schweiz.blog\/wp-content\/uploads\/2025\/12\/20251228_1309_Kanton-Genf-Minimalismus_simple_compose_01kdjdtf2gfytvyrbanr9wnfgy.png?fit=1536%2C1024&ssl=1","jetpack_sharing_enabled":true,"jetpack_shortlink":"https:\/\/wp.me\/pgWLwP-it","_links":{"self":[{"href":"https:\/\/schweiz.blog\/lb\/wp-json\/wp\/v2\/posts\/1145","targetHints":{"allow":["GET"]}}],"collection":[{"href":"https:\/\/schweiz.blog\/lb\/wp-json\/wp\/v2\/posts"}],"about":[{"href":"https:\/\/schweiz.blog\/lb\/wp-json\/wp\/v2\/types\/post"}],"author":[{"embeddable":true,"href":"https:\/\/schweiz.blog\/lb\/wp-json\/wp\/v2\/users\/274216737"}],"replies":[{"embeddable":true,"href":"https:\/\/schweiz.blog\/lb\/wp-json\/wp\/v2\/comments?post=1145"}],"version-history":[{"count":3,"href":"https:\/\/schweiz.blog\/lb\/wp-json\/wp\/v2\/posts\/1145\/revisions"}],"predecessor-version":[{"id":1150,"href":"https:\/\/schweiz.blog\/lb\/wp-json\/wp\/v2\/posts\/1145\/revisions\/1150"}],"wp:featuredmedia":[{"embeddable":true,"href":"https:\/\/schweiz.blog\/lb\/wp-json\/wp\/v2\/media\/1149"}],"wp:attachment":[{"href":"https:\/\/schweiz.blog\/lb\/wp-json\/wp\/v2\/media?parent=1145"}],"wp:term":[{"taxonomy":"category","embeddable":true,"href":"https:\/\/schweiz.blog\/lb\/wp-json\/wp\/v2\/categories?post=1145"},{"taxonomy":"post_tag","embeddable":true,"href":"https:\/\/schweiz.blog\/lb\/wp-json\/wp\/v2\/tags?post=1145"}],"curies":[{"name":"wp","href":"https:\/\/api.w.org\/{rel}","templated":true}]}}