{"id":758,"date":"2025-11-27T21:05:17","date_gmt":"2025-11-27T20:05:17","guid":{"rendered":"https:\/\/schweiz.blog\/?p=758"},"modified":"2025-11-27T21:05:19","modified_gmt":"2025-11-27T20:05:19","slug":"liewensmettelpraeisser-an-der-schwaeiz-verglaeich","status":"publish","type":"post","link":"https:\/\/schweiz.blog\/lb\/lebensmittelpreise-schweiz-vergleich\/","title":{"rendered":"Liewensm\u00ebttelpr\u00e4isser an der Schw\u00e4iz: Firwat se m\u00e9i h\u00e9ich sinn a wou Dir Sue spueren k\u00ebnnt"},"content":{"rendered":"<p class=\"wp-block-paragraph\">Liewensm\u00ebttel geh\u00e9ieren zu den deierste Saachen am Schw\u00e4izer Budget. Vill Produkter kaschten d\u00e4itlech m\u00e9i am Verglach mat anere L\u00e4nner. D\u00ebsen Artikel erkl\u00e4ert d&#039;Gr\u00ebnn fir d\u00e9i h\u00e9ich Pr\u00e4isser, g\u00ebtt Pr\u00e4isbeispiller a bitt praktesch Tipps fir am Alldag Sue ze spueren.<\/p>\n\n\n\n<h2 class=\"wp-block-heading\">Firwat Liewensm\u00ebttel an der Schw\u00e4iz m\u00e9i deier sinn<\/h2>\n\n\n\n<h3 class=\"wp-block-heading\">H\u00e9ich Aarbechtsk\u00e4schten<\/h3>\n\n\n\n<p class=\"wp-block-paragraph\">Produktioun, Logistik a Verkaf si aarbechtsintensiv. Well d&#039;L\u00e9in h\u00e9ich sinn, klammen d&#039;Endpr\u00e4isser deementspriechend.<\/p>\n\n\n\n<h3 class=\"wp-block-heading\">Streng Importregelen<\/h3>\n\n\n\n<p class=\"wp-block-paragraph\">D&#039;Schw\u00e4iz sch\u00fctzt hir inl\u00e4nnesch Landwirtschaft mat Importz\u00f6lle. D\u00ebst m\u00e9cht vill Produkter m\u00e9i deier.<\/p>\n\n\n\n<h3 class=\"wp-block-heading\">Qualit\u00e9its- a Produktiounsnormen<\/h3>\n\n\n\n<p class=\"wp-block-paragraph\">Schw\u00e4izer Produkter erf\u00ebllen streng Ufuerderungen, wat sech an de Produktiounsk\u00e4schten er\u00ebmspigelt.<\/p>\n\n\n\n<h3 class=\"wp-block-heading\">Kleng Maartgr\u00e9isst<\/h3>\n\n\n\n<p class=\"wp-block-paragraph\">Mat n\u00ebmmen 9 Milliounen Awunner ass de Maart kleng, wat d&#039;Skalevirdeeler limit\u00e9iert.<\/p>\n\n\n\n<hr class=\"wp-block-separator has-alpha-channel-opacity\"\/>\n\n\n\n<h2 class=\"wp-block-heading\">Pr\u00e4isbeispiller fir de Verglach<\/h2>\n\n\n\n<p class=\"wp-block-paragraph\">Grof Duerchschn\u00ebttsw\u00e4erter:<\/p>\n\n\n\n<ul class=\"wp-block-list\">\n<li>1 kg R\u00ebndfleesch: 40\u201370 CHF<\/li>\n\n\n\n<li>1 kg K\u00e9is (Schw\u00e4izer Hartk\u00e9is): 18\u201326 CHF<\/li>\n\n\n\n<li>1 kg Tomaten: 3\u20136 CHF<\/li>\n\n\n\n<li>Brout (500 g): 2,50\u20134,00 CHF<\/li>\n\n\n\n<li>E Liter M\u00ebllech: 1,20\u20131,80 CHF<\/li>\n<\/ul>\n\n\n\n<p class=\"wp-block-paragraph\">Am Verglach sinn d&#039;Pr\u00e4isser an der EU dacks 20\u201360\u00a0% m\u00e9i niddreg.<\/p>\n\n\n\n<hr class=\"wp-block-separator has-alpha-channel-opacity\"\/>\n\n\n\n<h2 class=\"wp-block-heading\">Bezuelt Suen akafen: wou a w\u00e9i?<\/h2>\n\n\n\n<h3 class=\"wp-block-heading\">Discountgesch\u00e4ft<\/h3>\n\n\n\n<p class=\"wp-block-paragraph\">Aldi an Lidl si meeschtens d\u00e4itlech m\u00e9i b\u00eblleg w\u00e9i Migros a Coop.<\/p>\n\n\n\n<h3 class=\"wp-block-heading\">Grenzgesch\u00e4ft<\/h3>\n\n\n\n<p class=\"wp-block-paragraph\">Akafen an D\u00e4itschland, Frankr\u00e4ich oder Italien ass w\u00e4it verbreet, awer \u00ebnnerl\u00e4it Douane wann d&#039;Zollfr\u00e4iheetslimite iwwerschratt ginn.<\/p>\n\n\n\n<h3 class=\"wp-block-heading\">Aktiounen benotzen<\/h3>\n\n\n\n<p class=\"wp-block-paragraph\">Coop a Migros hunn super w\u00f6chentlech Promotiounen (bis zu 50% Rabatt).<\/p>\n\n\n\n<h3 class=\"wp-block-heading\">Privatlabel<\/h3>\n\n\n\n<p class=\"wp-block-paragraph\">Migros M-Budget a Coop Prix Garantie si wesentlech m\u00e9i b\u00eblleg.<\/p>\n\n\n\n<h3 class=\"wp-block-heading\">Quantit\u00e9itsrabatter<\/h3>\n\n\n\n<p class=\"wp-block-paragraph\">Grouss P\u00e4ck oder W\u00e4erts\u00e4tz si fir Familljen derw\u00e4ert.<\/p>\n\n\n\n<hr class=\"wp-block-separator has-alpha-channel-opacity\"\/>\n\n\n\n<h2 class=\"wp-block-heading\">M\u00e9i niddreg Pr\u00e4isser fir Gem\u00e9is an Uebst<\/h2>\n\n\n\n<ul class=\"wp-block-list\">\n<li>Saisonal Produkter kafen<\/li>\n\n\n\n<li>lokal M\u00e4ert notzen<\/li>\n\n\n\n<li>Kaaft keng virgeschnidden oder veraarbecht Produkter.<\/li>\n\n\n\n<li>Kuckt Iech Abonnementer w\u00e9i Farmy, Gebana oder lokal Gem\u00e9is-K\u00ebscht-Offeren un.<\/li>\n<\/ul>\n\n\n\n<hr class=\"wp-block-separator has-alpha-channel-opacity\"\/>\n\n\n\n<h2 class=\"wp-block-heading\">Konklusioun<\/h2>\n\n\n\n<p class=\"wp-block-paragraph\">D&#039;Liewensm\u00ebttelpr\u00e4isser an der Schw\u00e4iz si w\u00e9inst de L\u00e9in, de Standarden an den Importreglementer m\u00e9i h\u00e9ich w\u00e9i den europ\u00e4eschen Duerchschn\u00ebtt. Mat enger gezielter Akafsstrategie k\u00ebnnen awer bedeitend Erspuernisser erreecht ginn, ouni op Qualit\u00e9it ze verzichten.<\/p>","protected":false},"excerpt":{"rendered":"Lebensmittel geh\u00f6ren zu den teuersten Budgetposten in der Schweiz. Viele Produkte kosten im Vergleich zum Ausland deutlich mehr.&hellip;","protected":false},"author":274216737,"featured_media":755,"comment_status":"open","ping_status":"open","sticky":false,"template":"","format":"standard","meta":{"_crdt_document":"","_jetpack_newsletter_access":"","_jetpack_dont_email_post_to_subs":true,"_jetpack_newsletter_tier_id":0,"_jetpack_memberships_contains_paywalled_content":false,"csco_display_header_overlay":false,"csco_singular_sidebar":"","csco_page_header_type":"","csco_page_load_nextpost":"","csco_page_reading_time":"","csco_page_toc_navigation":"","csco_post_video_location":[],"csco_post_video_location_hash":"","csco_post_video_url":"","csco_post_video_bg_start_time":0,"csco_post_video_bg_end_time":0,"csco_post_video_bg_volume":false,"_jetpack_memberships_contains_paid_content":false,"footnotes":"","jetpack_post_was_ever_published":false},"categories":[2725,2724],"tags":[2885,2886,2887,2884,2883],"class_list":{"0":"post-758","1":"post","2":"type-post","3":"status-publish","4":"format-standard","5":"has-post-thumbnail","7":"category-leben","8":"category-alltag","9":"tag-essen-preise-schweiz","10":"tag-lebensmittelpreise-schweiz","11":"tag-schweiz-einkaufen-sparen","12":"tag-schweiz-guenstig-einkaufen","13":"tag-supermarktpreise-schweiz","14":"cs-entry","15":"cs-video-wrap"},"jetpack_featured_media_url":"https:\/\/i0.wp.com\/schweiz.blog\/wp-content\/uploads\/2025\/11\/20251127_2101_Schweizer-Lebensmittelpreise_simple_compose_01kb3edd94ef6bkqv5ez79qxas.png?fit=1536%2C1024&ssl=1","jetpack_sharing_enabled":true,"jetpack_shortlink":"https:\/\/wp.me\/pgWLwP-ce","_links":{"self":[{"href":"https:\/\/schweiz.blog\/lb\/wp-json\/wp\/v2\/posts\/758","targetHints":{"allow":["GET"]}}],"collection":[{"href":"https:\/\/schweiz.blog\/lb\/wp-json\/wp\/v2\/posts"}],"about":[{"href":"https:\/\/schweiz.blog\/lb\/wp-json\/wp\/v2\/types\/post"}],"author":[{"embeddable":true,"href":"https:\/\/schweiz.blog\/lb\/wp-json\/wp\/v2\/users\/274216737"}],"replies":[{"embeddable":true,"href":"https:\/\/schweiz.blog\/lb\/wp-json\/wp\/v2\/comments?post=758"}],"version-history":[{"count":2,"href":"https:\/\/schweiz.blog\/lb\/wp-json\/wp\/v2\/posts\/758\/revisions"}],"predecessor-version":[{"id":760,"href":"https:\/\/schweiz.blog\/lb\/wp-json\/wp\/v2\/posts\/758\/revisions\/760"}],"wp:featuredmedia":[{"embeddable":true,"href":"https:\/\/schweiz.blog\/lb\/wp-json\/wp\/v2\/media\/755"}],"wp:attachment":[{"href":"https:\/\/schweiz.blog\/lb\/wp-json\/wp\/v2\/media?parent=758"}],"wp:term":[{"taxonomy":"category","embeddable":true,"href":"https:\/\/schweiz.blog\/lb\/wp-json\/wp\/v2\/categories?post=758"},{"taxonomy":"post_tag","embeddable":true,"href":"https:\/\/schweiz.blog\/lb\/wp-json\/wp\/v2\/tags?post=758"}],"curies":[{"name":"wp","href":"https:\/\/api.w.org\/{rel}","templated":true}]}}