{"id":1329,"date":"2025-12-28T16:34:56","date_gmt":"2025-12-28T15:34:56","guid":{"rendered":"https:\/\/schweiz.blog\/?p=1329"},"modified":"2026-03-19T14:19:40","modified_gmt":"2026-03-19T13:19:40","slug":"kanton-uri-topp-10-fakta-om-alperegionen-og-dens-spesielle-trekk","status":"publish","type":"post","link":"https:\/\/schweiz.blog\/nb\/kanton-uri-top-10-fakten-alpenraum-und-besonderheiten\/","title":{"rendered":"Kanton Uri \u2013 Topp 10 fakta, alperegionen og spesielle trekk"},"content":{"rendered":"<p class=\"wp-block-paragraph\">De <strong><a href=\"https:\/\/schweiz.blog\/nb\/kategori\/kantonen-uri\/\" data-type=\"category\" data-id=\"3104\">Kanton Uri<\/a><\/strong> Uri er en av de historisk mest betydningsfulle kantonene i Sveits. Kantonen ligger i hjertet av Alpene og har v\u00e6rt n\u00e6rt knyttet til transport mellom Nord- og S\u00f8r-Europa i \u00e5rhundrer.<\/p>\n\n\n\n<h3 class=\"wp-block-heading\">Topp 10 i korte trekk<\/h3>\n\n\n\n<p class=\"wp-block-paragraph\"><strong>1. Gotthard som en livline<\/strong><br>Veier, jernbaner og historie former kantonen.<\/p>\n\n\n\n<p class=\"wp-block-paragraph\"><strong>2. Historisk betydning<\/strong><br>Uri er en av grunnleggerkantonene i Det sveitsiske konf\u00f8derasjonen.<\/p>\n\n\n\n<p class=\"wp-block-paragraph\"><strong>3. Sterkt alpint habitat<\/strong><br>Fjell, daler og natur definerer hverdagen.<\/p>\n\n\n\n<p class=\"wp-block-paragraph\"><strong>4. Altdorf som et sentrum<\/strong><br>Administrasjon, utdanning og kultur er konsentrert her.<\/p>\n\n\n\n<p class=\"wp-block-paragraph\"><strong>5. Sm\u00e5, tette samfunn<\/strong><br>Fellesskap og n\u00e6rhet spiller en stor rolle.<\/p>\n\n\n\n<p class=\"wp-block-paragraph\"><strong>6. Turisme med fokus p\u00e5 naturen<\/strong><br>Fjellsport, fotturer og fred og ro i stedet for masseturisme.<\/p>\n\n\n\n<p class=\"wp-block-paragraph\"><strong>7. Rimelige boliger<\/strong><br>Relativt lave eiendomspriser.<\/p>\n\n\n\n<p class=\"wp-block-paragraph\"><strong>8. Begrenset arbeidsmarked<\/strong><br>Mange pendler til andre kantoner.<\/p>\n\n\n\n<p class=\"wp-block-paragraph\"><strong>9. Naturfarer som virkelighet<\/strong><br>Skred, steinras og flom.<\/p>\n\n\n\n<p class=\"wp-block-paragraph\"><strong>10. H\u00f8y livskvalitet for naturelskere<\/strong><br>Fred, trygghet og natur er viktigst.<\/p>\n\n\n\n<h3 class=\"wp-block-heading\">Hvorfor disse 10 beste URI-ene er s\u00e5 viktige<\/h3>\n\n\n\n<p class=\"wp-block-paragraph\">Kantonen Uri er liten, men strategisk viktig \u2013 b\u00e5de historisk og infrastrukturelt.<\/p>\n\n\n\n<!-- schweiz.blog x schweiz.work -->\n<div style=\"  margin:56px 0;  padding:24px 28px;  border-left:3px solid #60a5fa;  background:rgba(255,255,255,0.02);  color:#e5e7eb;  font-family:system-ui,sans-serif;\">\n  <p style=\"margin:0 0 12px 0; font-size:15px; line-height:1.7;\">\n    I tillegg til denne bloggen driver vi ogs\u00e5 <strong>schweiz.work<\/strong>  \n    en plattform for tjenester i Sveits.\n  <\/p>\n\n  <p style=\"margin:0; font-size:15px;\">\n    <a href=\"https:\/\/schweiz.work\/?ref=schweizblog\" style=\"color:#93c5fd; font-weight:500; text-decoration:none;\" target=\"_blank\" rel=\"noopener\">\n      1 Annonse gratis i 30 dager \u2192\n    <\/a>\n  <\/p>\n<\/div>\n<!-- \/schweiz.blog x schweiz.work -->","protected":false},"excerpt":{"rendered":"Kantonen Uri er en av de historisk mest betydningsfulle kantonene i Sveits. Kantonen Uri ligger i hjertet av\u2026","protected":false},"author":274216737,"featured_media":1332,"comment_status":"open","ping_status":"open","sticky":false,"template":"","format":"standard","meta":{"_crdt_document":"","_jetpack_newsletter_access":"","_jetpack_dont_email_post_to_subs":true,"_jetpack_newsletter_tier_id":0,"_jetpack_memberships_contains_paywalled_content":false,"csco_display_header_overlay":false,"csco_singular_sidebar":"","csco_page_header_type":"","csco_page_load_nextpost":"","csco_page_reading_time":"","csco_page_toc_navigation":"","csco_post_video_location":[],"csco_post_video_location_hash":"","csco_post_video_url":"","csco_post_video_bg_start_time":0,"csco_post_video_bg_end_time":0,"csco_post_video_bg_volume":false,"_jetpack_memberships_contains_paid_content":false,"footnotes":"","jetpack_post_was_ever_published":false},"categories":[3104],"tags":[3237,3236,3414,3415,3413],"class_list":{"0":"post-1329","1":"post","2":"type-post","3":"status-publish","4":"format-standard","5":"has-post-thumbnail","7":"category-kanton-uri","8":"tag-kanton-uri","9":"tag-leben-im-kanton-uri","10":"tag-top-10-kanton-uri","11":"tag-uri-besonderheiten","12":"tag-uri-fakten","13":"cs-entry","14":"cs-video-wrap"},"jetpack_featured_media_url":"https:\/\/i0.wp.com\/schweiz.blog\/wp-content\/uploads\/2025\/12\/20251228_1633_Uri-Alpen-Besonderheiten_simple_compose_01kdjsdsg8e6nbee62tmp37kma.png?fit=1536%2C1024&ssl=1","jetpack_sharing_enabled":true,"jetpack_shortlink":"https:\/\/wp.me\/pgWLwP-lr","_links":{"self":[{"href":"https:\/\/schweiz.blog\/nb\/wp-json\/wp\/v2\/posts\/1329","targetHints":{"allow":["GET"]}}],"collection":[{"href":"https:\/\/schweiz.blog\/nb\/wp-json\/wp\/v2\/posts"}],"about":[{"href":"https:\/\/schweiz.blog\/nb\/wp-json\/wp\/v2\/types\/post"}],"author":[{"embeddable":true,"href":"https:\/\/schweiz.blog\/nb\/wp-json\/wp\/v2\/users\/274216737"}],"replies":[{"embeddable":true,"href":"https:\/\/schweiz.blog\/nb\/wp-json\/wp\/v2\/comments?post=1329"}],"version-history":[{"count":2,"href":"https:\/\/schweiz.blog\/nb\/wp-json\/wp\/v2\/posts\/1329\/revisions"}],"predecessor-version":[{"id":1333,"href":"https:\/\/schweiz.blog\/nb\/wp-json\/wp\/v2\/posts\/1329\/revisions\/1333"}],"wp:featuredmedia":[{"embeddable":true,"href":"https:\/\/schweiz.blog\/nb\/wp-json\/wp\/v2\/media\/1332"}],"wp:attachment":[{"href":"https:\/\/schweiz.blog\/nb\/wp-json\/wp\/v2\/media?parent=1329"}],"wp:term":[{"taxonomy":"category","embeddable":true,"href":"https:\/\/schweiz.blog\/nb\/wp-json\/wp\/v2\/categories?post=1329"},{"taxonomy":"post_tag","embeddable":true,"href":"https:\/\/schweiz.blog\/nb\/wp-json\/wp\/v2\/tags?post=1329"}],"curies":[{"name":"wp","href":"https:\/\/api.w.org\/{rel}","templated":true}]}}