{"id":836,"date":"2025-11-29T16:11:33","date_gmt":"2025-11-29T15:11:33","guid":{"rendered":"https:\/\/schweiz.blog\/?p=836"},"modified":"2026-03-19T14:24:02","modified_gmt":"2026-03-19T13:24:02","slug":"de-vakreste-byene-i-sveits","status":"publish","type":"post","link":"https:\/\/schweiz.blog\/nb\/schoenste-staedte-schweiz\/","title":{"rendered":"De vakreste byene i Sveits: En oversikt over kultur, historie og arkitektur"},"content":{"rendered":"<p class=\"wp-block-paragraph\">De <strong>Sveits&#039; vakreste byer<\/strong> De kombinerer historisk arkitektur, moderne infrastruktur og fantastiske landskap. Hver region har sin egen distinkte kulturelle identitet \u2013 fra middelalderbyer til internasjonale metropoler. Denne oversikten avsl\u00f8rer hva som gj\u00f8r Sveits&#039; viktigste byer unike og hvorfor de spiller en spesiell rolle i kultur og historie.<\/p>\n\n\n\n<hr class=\"wp-block-separator has-alpha-channel-opacity\"\/>\n\n\n\n<h2 class=\"wp-block-heading\">Z\u00fcrich \u2013 Finanssenter med en historisk kjerne<\/h2>\n\n\n\n<p class=\"wp-block-paragraph\">Z\u00fcrich er ikke bare det sterkeste \u00f8konomiske sentrum i Sveits, men ogs\u00e5 kulturelt rikt. Byen kombinerer middelalderske smug, en godt bevart gammel by og moderne arkitektur ved Z\u00fcrichsj\u00f8en. Museer, gallerier og internasjonale selskaper former bybildet.<\/p>\n\n\n\n<hr class=\"wp-block-separator has-alpha-channel-opacity\"\/>\n\n\n\n<h2 class=\"wp-block-heading\">Bern \u2013 UNESCOs gamleby og politisk hovedstad<\/h2>\n\n\n\n<p class=\"wp-block-paragraph\">Bern kan skryte av en av de viktigste gamlebyene i Europa. Arkadene, sandsteinsbygningene og middelalderstrukturen er beskyttet av UNESCO. Som f\u00f8deral hovedstad er Bern ogs\u00e5 det politiske sentrum i Sveits.<\/p>\n\n\n\n<hr class=\"wp-block-separator has-alpha-channel-opacity\"\/>\n\n\n\n<h2 class=\"wp-block-heading\">Lucerne \u2013 Arkitektur mellom tradisjon og modernitet<\/h2>\n\n\n\n<p class=\"wp-block-paragraph\">Luzern ligger mellom Vierwaldst\u00e4ttersj\u00f8en og Alpene. Landemerket, Kapellbroen, er en av de eldste trebroene i Europa. Samtidig former moderne bygninger som KKL (Kultur- og kongressenteret Lucerne) av Jean Nouvel bybildet.<\/p>\n\n\n\n<hr class=\"wp-block-separator has-alpha-channel-opacity\"\/>\n\n\n\n<h2 class=\"wp-block-heading\">Basel \u2013 Kultur, Rhinen havn og arkitektur<\/h2>\n\n\n\n<p class=\"wp-block-paragraph\">Basel er et sentrum for kunst og arkitektur. Internasjonale messer, museer og moderne bygninger gj\u00f8r byen til et kulturelt sentrum. Samtidig spiller havnen ved Rhinen en avgj\u00f8rende \u00f8konomisk rolle.<\/p>\n\n\n\n<hr class=\"wp-block-separator has-alpha-channel-opacity\"\/>\n\n\n\n<h2 class=\"wp-block-heading\">Gen\u00e8ve \u2013 Diplomati og internasjonale organisasjoner<\/h2>\n\n\n\n<p class=\"wp-block-paragraph\">Gen\u00e8ve huser FN, WHO og en rekke internasjonale institusjoner. Byen er preget av en mangfoldig befolkning, Gen\u00e8vesj\u00f8en og en lang tradisjon innen diplomati.<\/p>\n\n\n\n<hr class=\"wp-block-separator has-alpha-channel-opacity\"\/>\n\n\n\n<h2 class=\"wp-block-heading\">Konklusjon<\/h2>\n\n\n\n<p class=\"wp-block-paragraph\">Sveits&#039; vakreste byer viser frem en ekstraordin\u00e6r blanding av historie, kultur og moderne urbanitet. Hver by har sin egen distinkte identitet og spiller en tydelig rolle i landets politiske, kulturelle og \u00f8konomiske landskap.<\/p>","protected":false},"excerpt":{"rendered":"Die sch\u00f6nsten St\u00e4dte der Schweiz verbinden historische Architektur, moderne Infrastruktur und beeindruckende Landschaften. Jede Region hat eine eigene&hellip;","protected":false},"author":274216737,"featured_media":838,"comment_status":"open","ping_status":"open","sticky":false,"template":"","format":"standard","meta":{"_crdt_document":"","_jetpack_newsletter_access":"","_jetpack_dont_email_post_to_subs":true,"_jetpack_newsletter_tier_id":0,"_jetpack_memberships_contains_paywalled_content":false,"csco_display_header_overlay":false,"csco_singular_sidebar":"","csco_page_header_type":"","csco_page_load_nextpost":"","csco_page_reading_time":"","csco_page_toc_navigation":"","csco_post_video_location":[],"csco_post_video_location_hash":"","csco_post_video_url":"","csco_post_video_bg_start_time":0,"csco_post_video_bg_end_time":0,"csco_post_video_bg_volume":false,"_jetpack_memberships_contains_paid_content":false,"footnotes":"","jetpack_post_was_ever_published":false},"categories":[2723],"tags":[2958,2959,2960,2957],"class_list":{"0":"post-836","1":"post","2":"type-post","3":"status-publish","4":"format-standard","5":"has-post-thumbnail","7":"category-schweiz","8":"tag-schoenste-staedte-schweiz","9":"tag-schweiz-staedte-uebersicht","10":"tag-schweizer-staedte-kultur","11":"tag-staedte-schweiz-wissen","12":"cs-entry","13":"cs-video-wrap"},"jetpack_featured_media_url":"https:\/\/i0.wp.com\/schweiz.blog\/wp-content\/uploads\/2025\/11\/20251129_1558_Schweizer-Staedte-Schoenheit_simple_compose_01kb81vaftez58wy1brmnvpw21.png?fit=1536%2C1024&ssl=1","jetpack_sharing_enabled":true,"jetpack_shortlink":"https:\/\/wp.me\/pgWLwP-du","_links":{"self":[{"href":"https:\/\/schweiz.blog\/nb\/wp-json\/wp\/v2\/posts\/836","targetHints":{"allow":["GET"]}}],"collection":[{"href":"https:\/\/schweiz.blog\/nb\/wp-json\/wp\/v2\/posts"}],"about":[{"href":"https:\/\/schweiz.blog\/nb\/wp-json\/wp\/v2\/types\/post"}],"author":[{"embeddable":true,"href":"https:\/\/schweiz.blog\/nb\/wp-json\/wp\/v2\/users\/274216737"}],"replies":[{"embeddable":true,"href":"https:\/\/schweiz.blog\/nb\/wp-json\/wp\/v2\/comments?post=836"}],"version-history":[{"count":2,"href":"https:\/\/schweiz.blog\/nb\/wp-json\/wp\/v2\/posts\/836\/revisions"}],"predecessor-version":[{"id":840,"href":"https:\/\/schweiz.blog\/nb\/wp-json\/wp\/v2\/posts\/836\/revisions\/840"}],"wp:featuredmedia":[{"embeddable":true,"href":"https:\/\/schweiz.blog\/nb\/wp-json\/wp\/v2\/media\/838"}],"wp:attachment":[{"href":"https:\/\/schweiz.blog\/nb\/wp-json\/wp\/v2\/media?parent=836"}],"wp:term":[{"taxonomy":"category","embeddable":true,"href":"https:\/\/schweiz.blog\/nb\/wp-json\/wp\/v2\/categories?post=836"},{"taxonomy":"post_tag","embeddable":true,"href":"https:\/\/schweiz.blog\/nb\/wp-json\/wp\/v2\/tags?post=836"}],"curies":[{"name":"wp","href":"https:\/\/api.w.org\/{rel}","templated":true}]}}