{"id":855,"date":"2025-11-30T16:09:31","date_gmt":"2025-11-30T15:09:31","guid":{"rendered":"https:\/\/schweiz.blog\/?p=855"},"modified":"2026-03-19T14:23:26","modified_gmt":"2026-03-19T13:23:26","slug":"hvorfor-sveits-har-fire-sprakregioner","status":"publish","type":"post","link":"https:\/\/schweiz.blog\/nb\/warum-die-schweiz-vier-sprachregionen-hat\/","title":{"rendered":"Hvorfor Sveits har fire spr\u00e5kregioner: Historisk oversikt og enkel forklaring"},"content":{"rendered":"<p class=\"wp-block-paragraph\">De <strong>Sveits har fire spr\u00e5kregioner<\/strong> Tysk, fransk, italiensk og retoromansk er ikke en tilfeldighet, men et resultat av migrasjon, erobring, politisk historie og geografi. Denne artikkelen forklarer tydelig og forst\u00e5elig hvordan dette unike spr\u00e5klige mangfoldet oppsto.<\/p>\n\n\n\n<h2 class=\"wp-block-heading\"><strong>1. Sveits har ligget p\u00e5 en kulturell grense i \u00e5rtusener.<\/strong><\/h2>\n\n\n\n<p class=\"wp-block-paragraph\">Lenge f\u00f8r Det sveitsiske forbund eksisterte Sveits <strong>i skj\u00e6ringspunktet mellom germanske og romanske kulturer<\/strong>.<br>Denne situasjonen er den grunnleggende forutsetningen for at Sveits har fire spr\u00e5kregioner.<\/p>\n\n\n\n<figure class=\"wp-block-image\"><img data-recalc-dims=\"1\" decoding=\"async\" src=\"https:\/\/i0.wp.com\/jakubmarian.com\/wp-content\/uploads\/2015\/07\/languages-of-europe.jpg?w=1200&#038;ssl=1\" alt=\"https:\/\/jakubmarian.com\/wp-content\/uploads\/2015\/07\/languages-of-europe.jpg\"\/><\/figure>\n\n\n\n<figure class=\"wp-block-image\"><img data-recalc-dims=\"1\" decoding=\"async\" src=\"https:\/\/i0.wp.com\/pbs.twimg.com\/media\/EvlIKufXYAEdiBb.jpg?w=1200&#038;ssl=1\" alt=\"https:\/\/pbs.twimg.com\/media\/EvlIKufXYAEdiBb.jpg\"\/><\/figure>\n\n\n\n<p class=\"wp-block-paragraph\"><strong>Kilde:<\/strong> <a href=\"https:\/\/www.britannica.com\/topic\/Romance-languages\" target=\"_blank\" rel=\"noopener\">https:\/\/www.britannica.com\/topic\/Romance-languages<\/a><\/p>\n\n\n\n<p class=\"wp-block-paragraph\">Forl\u00f8pet av denne grensen \u2013 fra Genfersj\u00f8en over Alpepassene til Rhindalen \u2013 samsvarer fortsatt bemerkelsesverdig godt med spr\u00e5komr\u00e5dene.<\/p>\n\n\n\n<hr class=\"wp-block-separator has-alpha-channel-opacity\"\/>\n\n\n\n<h2 class=\"wp-block-heading\"><strong>2. Romerne brakte de romanske spr\u00e5kene.<\/strong><\/h2>\n\n\n\n<p class=\"wp-block-paragraph\">Da romerne erobret regionen i det f\u00f8rste \u00e5rhundre f.Kr., <strong>Latin<\/strong> til det dominerende spr\u00e5ket. Fra dette utviklet tre av dagens fire spr\u00e5kregioner seg:<\/p>\n\n\n\n<ul class=\"wp-block-list\">\n<li><strong>Fransk<\/strong> (Vest-Sveits)<\/li>\n\n\n\n<li><strong>Italiensk<\/strong> (Ticino og s\u00f8rlige Grisons)<\/li>\n\n\n\n<li><strong>Retoromansk<\/strong> (den sentrale alperegionen i Graub\u00fcnden)<\/li>\n<\/ul>\n\n\n\n<p class=\"wp-block-paragraph\">Uten romerne ville Sveits sannsynligvis v\u00e6rt... <strong>ingen romanske spr\u00e5k<\/strong>.<\/p>\n\n\n\n<hr class=\"wp-block-separator has-alpha-channel-opacity\"\/>\n\n\n\n<h2 class=\"wp-block-heading\"><strong>3. Germaniseringen av det sveitsiske plat\u00e5et fra 500-tallet og utover<\/strong><\/h2>\n\n\n\n<p class=\"wp-block-paragraph\">Etter det vestlige romerske rikets fall emigrerte de <strong>Alemanniske stammer<\/strong> inn p\u00e5 det sveitsiske plat\u00e5et. De spredte seg fra nord til s\u00f8r og fortrengte retoromansk fra de lettere tilgjengelige omr\u00e5dene.<\/p>\n\n\n\n<figure class=\"wp-block-image\"><img decoding=\"async\" src=\"https:\/\/upload.wikimedia.org\/wikipedia\/commons\/2\/2d\/Invasions_of_the_Roman_Empire_1.png\" alt=\"https:\/\/upload.wikimedia.org\/wikipedia\/commons\/2\/2d\/Invasions_of_the_Roman_Empire_1.png\"\/><\/figure>\n\n\n\n<figure class=\"wp-block-image\"><img decoding=\"async\" src=\"https:\/\/upload.wikimedia.org\/wikipedia\/commons\/thumb\/b\/bc\/Alemanni_expansion.png\/500px-Alemanni_expansion.png\" alt=\"https:\/\/upload.wikimedia.org\/wikipedia\/commons\/thumb\/b\/bc\/Alemanni_expansion.png\/500px-Alemanni_expansion.png\"\/><\/figure>\n\n\n\n<p class=\"wp-block-paragraph\"><strong>Kilde:<\/strong> <a><a href=\"https:\/\/www.britannica.com\/event\/Migration-Period\" rel=\"nofollow\">https:\/\/www.britannica.com\/event\/Migration-Period<\/a><\/a><\/p>\n\n\n\n<p class=\"wp-block-paragraph\">Resultat:<\/p>\n\n\n\n<ul class=\"wp-block-list\">\n<li>Tysk vil bli majoritetsspr\u00e5ket<\/li>\n\n\n\n<li>Retoromansk overlever bare i avsidesliggende fjelldaler.<\/li>\n\n\n\n<li>Italiensk forblir stabilt i s\u00f8r<\/li>\n\n\n\n<li>Franske levninger vest for grensen til Sa\u00f4ne og Rhinen<\/li>\n<\/ul>\n\n\n\n<hr class=\"wp-block-separator has-alpha-channel-opacity\"\/>\n\n\n\n<h2 class=\"wp-block-heading\"><strong>4. Det gamle sveitsiske konf\u00f8derasjonen skapte politisk stabilitet \u2013 ikke spr\u00e5klig enhet.<\/strong><\/h2>\n\n\n\n<p class=\"wp-block-paragraph\">Viktig:<br>Det sveitsiske forbund ble dannet <strong>ikke i henhold til spr\u00e5kgrenser<\/strong>, men gjennom <strong>milit\u00e6re allianser og regionale interesser<\/strong>.<\/p>\n\n\n\n<p class=\"wp-block-paragraph\">Derfor vedvarte de regionale spr\u00e5kene ganske enkelt.<\/p>\n\n\n\n<p class=\"wp-block-paragraph\">Ingen av regionene pr\u00f8vde noen gang \u00e5 p\u00e5tvinge et spr\u00e5k p\u00e5 andre \u2013 en n\u00f8kkelfaktor i den spr\u00e5klige stabiliteten i Sveits.<\/p>\n\n\n\n<hr class=\"wp-block-separator has-alpha-channel-opacity\"\/>\n\n\n\n<h2 class=\"wp-block-heading\"><strong>5. Det moderne Sveits beskytter aktivt minoritetsspr\u00e5k<\/strong><\/h2>\n\n\n\n<p class=\"wp-block-paragraph\">Med den f\u00f8derale grunnloven av <strong>1848<\/strong> og senere i 1938 ble det bestemt:<\/p>\n\n\n\n<ul class=\"wp-block-list\">\n<li>Tysk, fransk, italiensk = offisielle spr\u00e5k<\/li>\n\n\n\n<li>Retoromansk = nasjonalspr\u00e5k<\/li>\n\n\n\n<li>Minoriteter st\u00f8ttes<\/li>\n\n\n\n<li>Spr\u00e5kregioner forblir autonome<\/li>\n<\/ul>\n\n\n\n<p class=\"wp-block-paragraph\">Sveits er et av f\u00e5 land som <strong>Ytringsfriheten er beskyttet av grunnlovsloven.<\/strong>.<\/p>\n\n\n\n<hr class=\"wp-block-separator has-alpha-channel-opacity\"\/>\n\n\n\n<h2 class=\"wp-block-heading\"><strong>6. Hvorfor retoromansk har overlevd til i dag<\/strong><\/h2>\n\n\n\n<p class=\"wp-block-paragraph\">Til tross for det lille antallet spr\u00e5kbrukere, eksisterer fortsatt retoromansk fordi:<\/p>\n\n\n\n<ul class=\"wp-block-list\">\n<li>Graub\u00fcnden er geografisk isolert<\/li>\n\n\n\n<li>Lokal identitet er usedvanlig sterk<\/li>\n\n\n\n<li>den f\u00f8derale regjeringen fremmer aktivt<\/li>\n\n\n\n<li>Skoler og media st\u00f8tter retoromansk<\/li>\n<\/ul>\n\n\n\n<hr class=\"wp-block-separator has-alpha-channel-opacity\"\/>\n\n\n\n<h2 class=\"wp-block-heading\"><strong>Konklusjon<\/strong><\/h2>\n\n\n\n<p class=\"wp-block-paragraph\">De <strong>Sveits har fire spr\u00e5kregioner<\/strong> er resultatene:<\/p>\n\n\n\n<ul class=\"wp-block-list\">\n<li>Romersk ekspansjon<\/li>\n\n\n\n<li>Alemannisk migrasjon<\/li>\n\n\n\n<li>geografiske barrierer<\/li>\n\n\n\n<li>politisk stabilitet<\/li>\n\n\n\n<li>bevisst beskyttelsespolitikk<\/li>\n<\/ul>\n\n\n\n<p class=\"wp-block-paragraph\">De gj\u00f8r Sveits til en av de mest mangfoldige spr\u00e5klige regionene i Europa.<\/p>","protected":false},"excerpt":{"rendered":"Die Schweiz vier Sprachregionen \u2013 Deutsch, Franz\u00f6sisch, Italienisch und R\u00e4toromanisch \u2013 sind kein Zufall, sondern das Ergebnis von&hellip;","protected":false},"author":274216737,"featured_media":858,"comment_status":"open","ping_status":"open","sticky":false,"template":"","format":"standard","meta":{"_crdt_document":"","_jetpack_newsletter_access":"","_jetpack_dont_email_post_to_subs":true,"_jetpack_newsletter_tier_id":0,"_jetpack_memberships_contains_paywalled_content":false,"csco_display_header_overlay":false,"csco_singular_sidebar":"","csco_page_header_type":"","csco_page_load_nextpost":"","csco_page_reading_time":"","csco_page_toc_navigation":"","csco_post_video_location":[],"csco_post_video_location_hash":"","csco_post_video_url":"","csco_post_video_bg_start_time":0,"csco_post_video_bg_end_time":0,"csco_post_video_bg_volume":false,"_jetpack_memberships_contains_paid_content":false,"footnotes":"","jetpack_post_was_ever_published":false},"categories":[2723],"tags":[2975,2973,2974,2972],"class_list":{"0":"post-855","1":"post","2":"type-post","3":"status-publish","4":"format-standard","5":"has-post-thumbnail","7":"category-schweiz","8":"tag-schweiz-sprachen-ursprung","9":"tag-schweiz-sprachgrenzen","10":"tag-schweiz-vier-sprachregionen","11":"tag-sprachregionen-schweiz-erklaerung","12":"cs-entry","13":"cs-video-wrap"},"jetpack_featured_media_url":"https:\/\/i0.wp.com\/schweiz.blog\/wp-content\/uploads\/2025\/11\/20251130_1558_Schweizer-Sprachregionen-Ueberblick_simple_compose_01kbam8m31fssta4qxmkgqvh7x.png?fit=1536%2C1024&ssl=1","jetpack_sharing_enabled":true,"jetpack_shortlink":"https:\/\/wp.me\/pgWLwP-dN","_links":{"self":[{"href":"https:\/\/schweiz.blog\/nb\/wp-json\/wp\/v2\/posts\/855","targetHints":{"allow":["GET"]}}],"collection":[{"href":"https:\/\/schweiz.blog\/nb\/wp-json\/wp\/v2\/posts"}],"about":[{"href":"https:\/\/schweiz.blog\/nb\/wp-json\/wp\/v2\/types\/post"}],"author":[{"embeddable":true,"href":"https:\/\/schweiz.blog\/nb\/wp-json\/wp\/v2\/users\/274216737"}],"replies":[{"embeddable":true,"href":"https:\/\/schweiz.blog\/nb\/wp-json\/wp\/v2\/comments?post=855"}],"version-history":[{"count":2,"href":"https:\/\/schweiz.blog\/nb\/wp-json\/wp\/v2\/posts\/855\/revisions"}],"predecessor-version":[{"id":859,"href":"https:\/\/schweiz.blog\/nb\/wp-json\/wp\/v2\/posts\/855\/revisions\/859"}],"wp:featuredmedia":[{"embeddable":true,"href":"https:\/\/schweiz.blog\/nb\/wp-json\/wp\/v2\/media\/858"}],"wp:attachment":[{"href":"https:\/\/schweiz.blog\/nb\/wp-json\/wp\/v2\/media?parent=855"}],"wp:term":[{"taxonomy":"category","embeddable":true,"href":"https:\/\/schweiz.blog\/nb\/wp-json\/wp\/v2\/categories?post=855"},{"taxonomy":"post_tag","embeddable":true,"href":"https:\/\/schweiz.blog\/nb\/wp-json\/wp\/v2\/tags?post=855"}],"curies":[{"name":"wp","href":"https:\/\/api.w.org\/{rel}","templated":true}]}}