{"id":1168,"date":"2025-12-28T13:22:30","date_gmt":"2025-12-28T12:22:30","guid":{"rendered":"https:\/\/schweiz.blog\/?p=1168"},"modified":"2026-03-19T14:20:09","modified_gmt":"2026-03-19T13:20:09","slug":"kanton-glarus-reformy-przemyslowe-i-transformacja-alp","status":"publish","type":"post","link":"https:\/\/schweiz.blog\/pl\/kanton-glarus-reformen-industrie-und-alpiner-wandel\/","title":{"rendered":"Kanton Glarus \u2013 reformy, przemys\u0142 i zmiany w Alpach"},"content":{"rendered":"<p class=\"wp-block-paragraph\">Ten <strong><a href=\"https:\/\/schweiz.blog\/pl\/kategoria\/kanton-glarus\/\" data-type=\"category\" data-id=\"3108\">Kanton Glarus<\/a><\/strong> Jest ma\u0142y, ale politycznie odwa\u017cny. Kanton Glarus znany jest z demokracji bezpo\u015bredniej, wczesnych reform i pr\u00f3b po\u0142\u0105czenia alpejskich reali\u00f3w z nowoczesnymi strukturami.<\/p>\n\n\n\n<h3 class=\"wp-block-heading\">Landsgemeinde i kultura polityczna<\/h3>\n\n\n\n<p class=\"wp-block-paragraph\">Landsgemeinde (zgromadzenie kantonalne) to co\u015b wi\u0119cej ni\u017c tylko tradycja. Kszta\u0142tuje ono procesy decyzyjne, transparentno\u015b\u0107 i zaanga\u017cowanie obywateli. Reformy, takie jak fuzje gmin, by\u0142y tu wdra\u017cane na wczesnym etapie \u2013 cz\u0119sto wbrew oporowi, ale z d\u0142ugoterminow\u0105 perspektyw\u0105.<\/p>\n\n\n\n<h3 class=\"wp-block-heading\">Podstawa ekonomiczna<\/h3>\n\n\n\n<p class=\"wp-block-paragraph\">Przemys\u0142, energetyka, budownictwo i wyspecjalizowane M\u015aP stanowi\u0105 trzon gospodarki. Pomimo niewielkich rozmiar\u00f3w, kanton jest zorientowany na eksport i kompetentny technologicznie.<\/p>\n\n\n\n<p class=\"wp-block-paragraph\">Glarus pokazuje, \u017ce przemys\u0142 mo\u017ce rozwija\u0107 si\u0119 r\u00f3wnie\u017c w regionie alpejskim.<\/p>\n\n\n\n<h3 class=\"wp-block-heading\">\u017bycie w Glarus<\/h3>\n\n\n\n<p class=\"wp-block-paragraph\">\u017bycie codzienne jest spokojne, bliskie natury i \u0142atwe do zniesienia. Ceny mieszka\u0144 s\u0105 przyst\u0119pne, a jako\u015b\u0107 \u017cycia wysoka \u2013 pod warunkiem, \u017ce zaakceptujemy ograniczony wyb\u00f3r i d\u0142ugie dojazdy.<\/p>\n\n\n\n<p class=\"wp-block-paragraph\">Wiele os\u00f3b doje\u017cd\u017ca do pracy lub pracuje w modelu hybrydowym.<\/p>\n\n\n\n<h3 class=\"wp-block-heading\">Zmiana spo\u0142eczna<\/h3>\n\n\n\n<p class=\"wp-block-paragraph\">Kanton zmaga si\u0119 z emigracj\u0105, starzeniem si\u0119 spo\u0142ecze\u0144stwa i ograniczonym rynkiem pracy. Jednocze\u015bnie pojawiaj\u0105 si\u0119 nowe modele:<\/p>\n\n\n\n<ul class=\"wp-block-list\">\n<li>Wsp\u00f3\u0142praca<\/li>\n\n\n\n<li>Imigracja rodzin<\/li>\n\n\n\n<li>nowe formy turystyki<\/li>\n<\/ul>\n\n\n\n<h3 class=\"wp-block-heading\">Patrz\u0105c w przysz\u0142o\u015b\u0107<\/h3>\n\n\n\n<p class=\"wp-block-paragraph\">Ten <a href=\"https:\/\/schweiz.blog\/pl\/kategoria\/kanton-glarus\/\" data-type=\"category\" data-id=\"3108\">Kanton Glarus<\/a> b\u0119dzie musia\u0142 kontynuowa\u0107 eksperymentowanie. Jego si\u0142a tkwi w gotowo\u015bci do pr\u00f3bowania nowych rzeczy bez porzucania w\u0142asnej to\u017csamo\u015bci.<\/p>\n\n\n\n<!-- schweiz.blog x schweiz.work -->\n<div style=\"  margin:56px 0;  padding:24px 28px;  border-left:3px solid #60a5fa;  background:rgba(255,255,255,0.02);  color:#e5e7eb;  font-family:system-ui,sans-serif;\">\n  <p style=\"margin:0 0 12px 0; font-size:15px; line-height:1.7;\">\n    Opr\u00f3cz tego bloga prowadzimy z <strong>szwajcaria.praca<\/strong>  \n    platforma us\u0142ug w Szwajcarii.\n  <\/p>\n\n  <p style=\"margin:0; font-size:15px;\">\n    <a href=\"https:\/\/schweiz.work\/?ref=schweizblog\" style=\"color:#93c5fd; font-weight:500; text-decoration:none;\" target=\"_blank\" rel=\"noopener\">\n      1 aktualne og\u0142oszenie bezp\u0142atnie przez 30 dni \u2192\n    <\/a>\n  <\/p>\n<\/div>\n<!-- \/schweiz.blog x schweiz.work -->","protected":false},"excerpt":{"rendered":"Der Kanton Glarus ist klein, aber politisch mutig. Der Kanton Glarus ist bekannt f\u00fcr direkte Demokratie, fr\u00fche Reformen&hellip;","protected":false},"author":274216737,"featured_media":1165,"comment_status":"open","ping_status":"open","sticky":false,"template":"","format":"standard","meta":{"_crdt_document":"","_jetpack_newsletter_access":"","_jetpack_dont_email_post_to_subs":true,"_jetpack_newsletter_tier_id":0,"_jetpack_memberships_contains_paywalled_content":false,"csco_display_header_overlay":false,"csco_singular_sidebar":"","csco_page_header_type":"","csco_page_load_nextpost":"","csco_page_reading_time":"","csco_page_toc_navigation":"","csco_post_video_location":[],"csco_post_video_location_hash":"","csco_post_video_url":"","csco_post_video_bg_start_time":0,"csco_post_video_bg_end_time":0,"csco_post_video_bg_volume":false,"_jetpack_memberships_contains_paid_content":false,"footnotes":"","jetpack_post_was_ever_published":false},"categories":[3108],"tags":[3245,3247,3243,3244,3246,3242],"class_list":{"0":"post-1168","1":"post","2":"type-post","3":"status-publish","4":"format-standard","5":"has-post-thumbnail","7":"category-kanton-glarus","8":"tag-glarus-alpen","9":"tag-glarus-gesellschaft","10":"tag-glarus-industrie","11":"tag-glarus-reformen","12":"tag-kanton-glarus","13":"tag-leben-im-kanton-glarus","14":"cs-entry","15":"cs-video-wrap"},"jetpack_featured_media_url":"https:\/\/i0.wp.com\/schweiz.blog\/wp-content\/uploads\/2025\/12\/20251228_1319_Kanton-Glarus-Wandel_simple_compose_01kdjebxe2egztn48ke8zhrf4c.png?fit=1536%2C1024&ssl=1","jetpack_sharing_enabled":true,"jetpack_shortlink":"https:\/\/wp.me\/pgWLwP-iQ","_links":{"self":[{"href":"https:\/\/schweiz.blog\/pl\/wp-json\/wp\/v2\/posts\/1168","targetHints":{"allow":["GET"]}}],"collection":[{"href":"https:\/\/schweiz.blog\/pl\/wp-json\/wp\/v2\/posts"}],"about":[{"href":"https:\/\/schweiz.blog\/pl\/wp-json\/wp\/v2\/types\/post"}],"author":[{"embeddable":true,"href":"https:\/\/schweiz.blog\/pl\/wp-json\/wp\/v2\/users\/274216737"}],"replies":[{"embeddable":true,"href":"https:\/\/schweiz.blog\/pl\/wp-json\/wp\/v2\/comments?post=1168"}],"version-history":[{"count":2,"href":"https:\/\/schweiz.blog\/pl\/wp-json\/wp\/v2\/posts\/1168\/revisions"}],"predecessor-version":[{"id":1170,"href":"https:\/\/schweiz.blog\/pl\/wp-json\/wp\/v2\/posts\/1168\/revisions\/1170"}],"wp:featuredmedia":[{"embeddable":true,"href":"https:\/\/schweiz.blog\/pl\/wp-json\/wp\/v2\/media\/1165"}],"wp:attachment":[{"href":"https:\/\/schweiz.blog\/pl\/wp-json\/wp\/v2\/media?parent=1168"}],"wp:term":[{"taxonomy":"category","embeddable":true,"href":"https:\/\/schweiz.blog\/pl\/wp-json\/wp\/v2\/categories?post=1168"},{"taxonomy":"post_tag","embeddable":true,"href":"https:\/\/schweiz.blog\/pl\/wp-json\/wp\/v2\/tags?post=1168"}],"curies":[{"name":"wp","href":"https:\/\/api.w.org\/{rel}","templated":true}]}}