{"id":1145,"date":"2025-12-28T13:11:46","date_gmt":"2025-12-28T12:11:46","guid":{"rendered":"https:\/\/schweiz.blog\/?p=1145"},"modified":"2026-03-19T14:20:12","modified_gmt":"2026-03-19T13:20:12","slug":"cantao-de-genebra-cidade-internacional-e-realidade-suica","status":"publish","type":"post","link":"https:\/\/schweiz.blog\/pt\/kanton-genf-internationale-stadt-und-schweizer-realitaet\/","title":{"rendered":"Cant\u00e3o de Genebra \u2013 Cidade internacional e realidade su\u00ed\u00e7a"},"content":{"rendered":"<p class=\"wp-block-paragraph\">O <strong><a href=\"https:\/\/schweiz.blog\/pt\/categoria\/cantao-de-genebra\/\" data-type=\"category\" data-id=\"3125\">Cant\u00e3o de Genebra<\/a><\/strong> \u00c9 um caso \u00fanico na Su\u00ed\u00e7a. O cant\u00e3o de Genebra est\u00e1 globalmente conectado, \u00e9 um centro diplom\u00e1tico e, ao mesmo tempo, uma \u00e1rea densamente povoada com seus pr\u00f3prios desafios sociais.<\/p>\n\n\n\n<h3 class=\"wp-block-heading\">Organiza\u00e7\u00f5es Internacionais e Influ\u00eancia<\/h3>\n\n\n\n<p class=\"wp-block-paragraph\">Genebra abriga in\u00fameras organiza\u00e7\u00f5es internacionais, ONGs e miss\u00f5es diplom\u00e1ticas. Essa presen\u00e7a tem um impacto enorme na economia, no mercado de trabalho e na paisagem urbana.<\/p>\n\n\n\n<p class=\"wp-block-paragraph\">T\u00edpico do cant\u00e3o:<\/p>\n\n\n\n<ul class=\"wp-block-list\">\n<li>alta imigra\u00e7\u00e3o internacional<\/li>\n\n\n\n<li>vida cotidiana multil\u00edngue<\/li>\n\n\n\n<li>forte rede global<\/li>\n<\/ul>\n\n\n\n<p class=\"wp-block-paragraph\">Ao mesmo tempo, cria-se um certo distanciamento entre a Genebra internacional e a popula\u00e7\u00e3o local.<\/p>\n\n\n\n<h3 class=\"wp-block-heading\">Economia e mercado de trabalho<\/h3>\n\n\n\n<p class=\"wp-block-paragraph\">Al\u00e9m das institui\u00e7\u00f5es internacionais, os servi\u00e7os financeiros, o com\u00e9rcio e os bens de luxo desempenham um papel importante. O mercado de trabalho \u00e9 fortemente orientado para a internacionaliza\u00e7\u00e3o e, ao mesmo tempo, altamente competitivo.<\/p>\n\n\n\n<p class=\"wp-block-paragraph\">Altos rendimentos v\u00eam acompanhados de altos custos de vida \u2013 especialmente no mercado imobili\u00e1rio.<\/p>\n\n\n\n<h3 class=\"wp-block-heading\">Vida na regi\u00e3o fronteiri\u00e7a urbana<\/h3>\n\n\n\n<p class=\"wp-block-paragraph\"><a href=\"https:\/\/schweiz.blog\/pt\/categoria\/cantao-de-genebra\/\" data-type=\"category\" data-id=\"3125\">Genebra <\/a>Situa-se mesmo na fronteira francesa. Muitas pessoas deslocam-se diariamente entre Fran\u00e7a e Su\u00ed\u00e7a. Esta situa\u00e7\u00e3o fronteiri\u00e7a influencia fortemente o tr\u00e2nsito, a habita\u00e7\u00e3o e os debates pol\u00edticos.<\/p>\n\n\n\n<p class=\"wp-block-paragraph\">O Lago Genebra oferece qualidade de vida, lazer e identidade, tudo ao mesmo tempo.<\/p>\n\n\n\n<h3 class=\"wp-block-heading\">Desafios sociais<\/h3>\n\n\n\n<p class=\"wp-block-paragraph\">A desigualdade social, a escassez de moradias e a integra\u00e7\u00e3o s\u00e3o quest\u00f5es cruciais. Genebra \u00e9 considerada uma cidade aberta e tolerante, mas enfrenta mais dificuldades do que outros cant\u00f5es com as tens\u00f5es nos centros urbanos.<\/p>\n\n\n\n<h3 class=\"wp-block-heading\">Perspectivas futuras<\/h3>\n\n\n\n<p class=\"wp-block-paragraph\">O <a href=\"https:\/\/schweiz.blog\/pt\/categoria\/cantao-de-genebra\/\" data-type=\"category\" data-id=\"3125\">Cant\u00e3o de Genebra<\/a> A Su\u00ed\u00e7a enfrenta o desafio de equilibrar melhor seu papel internacional com a qualidade de vida local. Se tiver sucesso, continuar\u00e1 sendo um local de import\u00e2ncia global, mantendo a estabilidade su\u00ed\u00e7a.<\/p>\n\n\n\n<!-- schweiz.blog x schweiz.work -->\n<div style=\"  margin:56px 0;  padding:24px 28px;  border-left:3px solid #60a5fa;  background:rgba(255,255,255,0.02);  color:#e5e7eb;  font-family:system-ui,sans-serif;\">\n  <p style=\"margin:0 0 12px 0; font-size:15px; line-height:1.7;\">\n    Para al\u00e9m deste blogue, tamb\u00e9m temos <strong>schweiz.work<\/strong>  \n    uma plataforma de servi\u00e7os na Su\u00ed\u00e7a.\n  <\/p>\n\n  <p style=\"margin:0; font-size:15px;\">\n    <a href=\"https:\/\/schweiz.work\/?ref=schweizblog\" style=\"color:#93c5fd; font-weight:500; text-decoration:none;\" target=\"_blank\" rel=\"noopener\">\n      1 an\u00fancio atual gratuito durante 30 dias \u2192\n    <\/a>\n  <\/p>\n<\/div>\n<!-- \/schweiz.blog x schweiz.work -->","protected":false},"excerpt":{"rendered":"Der Kanton Genf ist einzigartig innerhalb der Schweiz. Der Kanton Genf ist global vernetzt, diplomatisches Zentrum und gleichzeitig&hellip;","protected":false},"author":274216737,"featured_media":1149,"comment_status":"open","ping_status":"open","sticky":false,"template":"","format":"standard","meta":{"_crdt_document":"","_jetpack_newsletter_access":"","_jetpack_dont_email_post_to_subs":true,"_jetpack_newsletter_tier_id":0,"_jetpack_memberships_contains_paywalled_content":false,"csco_display_header_overlay":false,"csco_singular_sidebar":"","csco_page_header_type":"","csco_page_load_nextpost":"","csco_page_reading_time":"","csco_page_toc_navigation":"","csco_post_video_location":[],"csco_post_video_location_hash":"","csco_post_video_url":"","csco_post_video_bg_start_time":0,"csco_post_video_bg_end_time":0,"csco_post_video_bg_volume":false,"_jetpack_memberships_contains_paid_content":false,"footnotes":"","jetpack_post_was_ever_published":false},"categories":[3125],"tags":[3213,3215,3216,3217,3214,3212],"class_list":{"0":"post-1145","1":"post","2":"type-post","3":"status-publish","4":"format-standard","5":"has-post-thumbnail","7":"category-kanton-genf","8":"tag-genf-gesellschaft","9":"tag-genf-international","10":"tag-genf-wirtschaft","11":"tag-genfersee-stadt","12":"tag-kanton-genf","13":"tag-leben-im-kanton-genf","14":"cs-entry","15":"cs-video-wrap"},"jetpack_featured_media_url":"https:\/\/i0.wp.com\/schweiz.blog\/wp-content\/uploads\/2025\/12\/20251228_1309_Kanton-Genf-Minimalismus_simple_compose_01kdjdtf2gfytvyrbanr9wnfgy.png?fit=1536%2C1024&ssl=1","jetpack_sharing_enabled":true,"jetpack_shortlink":"https:\/\/wp.me\/pgWLwP-it","_links":{"self":[{"href":"https:\/\/schweiz.blog\/pt\/wp-json\/wp\/v2\/posts\/1145","targetHints":{"allow":["GET"]}}],"collection":[{"href":"https:\/\/schweiz.blog\/pt\/wp-json\/wp\/v2\/posts"}],"about":[{"href":"https:\/\/schweiz.blog\/pt\/wp-json\/wp\/v2\/types\/post"}],"author":[{"embeddable":true,"href":"https:\/\/schweiz.blog\/pt\/wp-json\/wp\/v2\/users\/274216737"}],"replies":[{"embeddable":true,"href":"https:\/\/schweiz.blog\/pt\/wp-json\/wp\/v2\/comments?post=1145"}],"version-history":[{"count":3,"href":"https:\/\/schweiz.blog\/pt\/wp-json\/wp\/v2\/posts\/1145\/revisions"}],"predecessor-version":[{"id":1150,"href":"https:\/\/schweiz.blog\/pt\/wp-json\/wp\/v2\/posts\/1145\/revisions\/1150"}],"wp:featuredmedia":[{"embeddable":true,"href":"https:\/\/schweiz.blog\/pt\/wp-json\/wp\/v2\/media\/1149"}],"wp:attachment":[{"href":"https:\/\/schweiz.blog\/pt\/wp-json\/wp\/v2\/media?parent=1145"}],"wp:term":[{"taxonomy":"category","embeddable":true,"href":"https:\/\/schweiz.blog\/pt\/wp-json\/wp\/v2\/categories?post=1145"},{"taxonomy":"post_tag","embeddable":true,"href":"https:\/\/schweiz.blog\/pt\/wp-json\/wp\/v2\/tags?post=1145"}],"curies":[{"name":"wp","href":"https:\/\/api.w.org\/{rel}","templated":true}]}}