{"id":653,"date":"2025-11-25T14:00:34","date_gmt":"2025-11-25T13:00:34","guid":{"rendered":"https:\/\/schweiz.blog\/?p=653"},"modified":"2025-11-25T14:00:35","modified_gmt":"2025-11-25T13:00:35","slug":"modelo-de-aviso-previo-e-prazos-na-suica","status":"publish","type":"post","link":"https:\/\/schweiz.blog\/pt\/kuendigung-schweiz-vorlage-und-fristen\/","title":{"rendered":"Rescis\u00e3o do contrato de trabalho na Su\u00ed\u00e7a: Modelo e regras mais importantes"},"content":{"rendered":"<p class=\"wp-block-paragraph\">Rescindir um contrato de trabalho na Su\u00ed\u00e7a \u00e9 simples \u2013 mas apenas se voc\u00ea conhecer a reda\u00e7\u00e3o correta e os prazos. Aqui voc\u00ea encontrar\u00e1... <strong>modelo claro<\/strong> e todas as informa\u00e7\u00f5es importantes.<\/p>\n\n\n\n<h2 class=\"wp-block-heading\"><strong>Quais s\u00e3o os prazos de aviso pr\u00e9vio para rescis\u00e3o de contrato de trabalho na Su\u00ed\u00e7a?<\/strong><\/h2>\n\n\n\n<p class=\"wp-block-paragraph\">De acordo com <strong>OU (C\u00f3digo Su\u00ed\u00e7o das Obriga\u00e7\u00f5es)<\/strong>:<\/p>\n\n\n\n<ul class=\"wp-block-list\">\n<li><strong>1\u00ba ano de servi\u00e7o:<\/strong> 1 m\u00eas<\/li>\n\n\n\n<li><strong>Anos 2 a 9 de servi\u00e7o:<\/strong> 2 meses<\/li>\n\n\n\n<li><strong>do 10\u00ba ano de servi\u00e7o:<\/strong> 3 meses<\/li>\n<\/ul>\n\n\n\n<p class=\"wp-block-paragraph\">Em cada caso, aplicam-se prazos. <strong>fim do m\u00eas<\/strong>, Salvo disposi\u00e7\u00e3o em contr\u00e1rio no contrato.<\/p>\n\n\n\n<hr class=\"wp-block-separator has-alpha-channel-opacity\"\/>\n\n\n\n<h2 class=\"wp-block-heading\"><strong>Modelo de rescis\u00e3o de contrato de trabalho<\/strong><\/h2>\n\n\n\n<p class=\"wp-block-paragraph\">Aqui est\u00e1 um modelo minimalista e juridicamente s\u00f3lido:<\/p>\n\n\n\n<pre class=\"wp-block-code\"><code>Nome e sobrenome Endere\u00e7o CEP Cidade Empresa Endere\u00e7o CEP Cidade Cidade, Data Aviso de rescis\u00e3o do meu contrato de trabalho Prezado(a) Senhor(a), Por meio deste, venho por meio deste comunicar a rescis\u00e3o do meu contrato de trabalho, com efeito a partir de [data] ou na data mais pr\u00f3xima poss\u00edvel. Agrade\u00e7o a sua compreens\u00e3o e solicito a confirma\u00e7\u00e3o por escrito desta rescis\u00e3o, bem como a emiss\u00e3o de uma carta de refer\u00eancia qualificada. Atenciosamente, [Assinatura] Nome e sobrenome\n<\/code><\/pre>\n\n\n\n<hr class=\"wp-block-separator has-alpha-channel-opacity\"\/>\n\n\n\n<h2 class=\"wp-block-heading\"><strong>Quando uma rescis\u00e3o \u00e9 inv\u00e1lida?<\/strong><\/h2>\n\n\n\n<p class=\"wp-block-paragraph\">A rescis\u00e3o n\u00e3o \u00e9 permitida durante:<\/p>\n\n\n\n<ul class=\"wp-block-list\">\n<li>Doen\u00e7a (per\u00edodo de espera)<\/li>\n\n\n\n<li>Acidente (per\u00edodo de bloqueio)<\/li>\n\n\n\n<li>gravidez<\/li>\n\n\n\n<li>Servi\u00e7o Militar\/Defesa Civil<\/li>\n\n\n\n<li>durante os feriados (recomendado)<\/li>\n<\/ul>\n\n\n\n<hr class=\"wp-block-separator has-alpha-channel-opacity\"\/>\n\n\n\n<h2 class=\"wp-block-heading\"><strong>Preciso dar uma justificativa?<\/strong><\/h2>\n\n\n\n<p class=\"wp-block-paragraph\">N\u00e3o. Na Su\u00ed\u00e7a, a rescis\u00e3o de um contrato de trabalho n\u00e3o \u00e9 poss\u00edvel. <strong>sem apresentar justificativas<\/strong> ocorrer.<\/p>\n\n\n\n<hr class=\"wp-block-separator has-alpha-channel-opacity\"\/>\n\n\n\n<h2 class=\"wp-block-heading\"><strong>Conclus\u00e3o<\/strong><\/h2>\n\n\n\n<p class=\"wp-block-paragraph\">Com um modelo claro e o cumprimento dos prazos, rescindir um contrato na Su\u00ed\u00e7a \u00e9 simples. \u00c9 importante sempre solicitar uma confirma\u00e7\u00e3o por escrito.<\/p>","protected":false},"excerpt":{"rendered":"Eine K\u00fcndigung in der Schweiz ist unkompliziert \u2013 aber nur, wenn man die richtigen Formulierungen und Fristen kennt.&hellip;","protected":false},"author":274216737,"featured_media":650,"comment_status":"open","ping_status":"open","sticky":false,"template":"","format":"standard","meta":{"_crdt_document":"","_jetpack_newsletter_access":"","_jetpack_dont_email_post_to_subs":true,"_jetpack_newsletter_tier_id":0,"_jetpack_memberships_contains_paywalled_content":false,"csco_display_header_overlay":false,"csco_singular_sidebar":"","csco_page_header_type":"","csco_page_load_nextpost":"","csco_page_reading_time":"","csco_page_toc_navigation":"","csco_post_video_location":[],"csco_post_video_location_hash":"","csco_post_video_url":"","csco_post_video_bg_start_time":0,"csco_post_video_bg_end_time":0,"csco_post_video_bg_volume":false,"_jetpack_memberships_contains_paid_content":false,"footnotes":"","jetpack_post_was_ever_published":false},"categories":[2724],"tags":[2772,2775,2771,2773,2774],"class_list":{"0":"post-653","1":"post","2":"type-post","3":"status-publish","4":"format-standard","5":"has-post-thumbnail","7":"category-alltag","8":"tag-kuendigung-arbeitsvertrag-schweiz","9":"tag-kuendigung-muster-schweiz","10":"tag-kuendigung-schreiben-schweiz","11":"tag-kuendigung-schweiz-vorlage","12":"tag-kuendigungsfrist-schweiz","13":"cs-entry","14":"cs-video-wrap"},"jetpack_featured_media_url":"https:\/\/i0.wp.com\/schweiz.blog\/wp-content\/uploads\/2025\/11\/20251125_1357_Kuendigung-Schweiz-Minimalismus_simple_compose_01kaxhcgybe44bejerekqt4a58.png?fit=1536%2C1024&ssl=1","jetpack_sharing_enabled":true,"jetpack_shortlink":"https:\/\/wp.me\/pgWLwP-ax","_links":{"self":[{"href":"https:\/\/schweiz.blog\/pt\/wp-json\/wp\/v2\/posts\/653","targetHints":{"allow":["GET"]}}],"collection":[{"href":"https:\/\/schweiz.blog\/pt\/wp-json\/wp\/v2\/posts"}],"about":[{"href":"https:\/\/schweiz.blog\/pt\/wp-json\/wp\/v2\/types\/post"}],"author":[{"embeddable":true,"href":"https:\/\/schweiz.blog\/pt\/wp-json\/wp\/v2\/users\/274216737"}],"replies":[{"embeddable":true,"href":"https:\/\/schweiz.blog\/pt\/wp-json\/wp\/v2\/comments?post=653"}],"version-history":[{"count":2,"href":"https:\/\/schweiz.blog\/pt\/wp-json\/wp\/v2\/posts\/653\/revisions"}],"predecessor-version":[{"id":655,"href":"https:\/\/schweiz.blog\/pt\/wp-json\/wp\/v2\/posts\/653\/revisions\/655"}],"wp:featuredmedia":[{"embeddable":true,"href":"https:\/\/schweiz.blog\/pt\/wp-json\/wp\/v2\/media\/650"}],"wp:attachment":[{"href":"https:\/\/schweiz.blog\/pt\/wp-json\/wp\/v2\/media?parent=653"}],"wp:term":[{"taxonomy":"category","embeddable":true,"href":"https:\/\/schweiz.blog\/pt\/wp-json\/wp\/v2\/categories?post=653"},{"taxonomy":"post_tag","embeddable":true,"href":"https:\/\/schweiz.blog\/pt\/wp-json\/wp\/v2\/tags?post=653"}],"curies":[{"name":"wp","href":"https:\/\/api.w.org\/{rel}","templated":true}]}}