{"id":1221,"date":"2025-12-28T15:19:25","date_gmt":"2025-12-28T14:19:25","guid":{"rendered":"https:\/\/schweiz.blog\/?p=1221"},"modified":"2026-03-19T14:20:00","modified_gmt":"2026-03-19T13:20:00","slug":"cantonul-st-gallen-top-10-fapte-regiuni-si-caracteristici-speciale","status":"publish","type":"post","link":"https:\/\/schweiz.blog\/ro\/kanton-st-gallen-top-10-fakten-regionen-und-besonderheiten\/","title":{"rendered":"Cantonul St. Gallen \u2013 Top 10 fapte, regiuni \u0219i caracteristici speciale"},"content":{"rendered":"<p class=\"wp-block-paragraph\">Cel\/Cea\/Cei\/Cele<a href=\"https:\/\/schweiz.blog\/ro\/categorie\/kanton-st-gallen\/\" data-type=\"category\" data-id=\"3117\"> <strong>Cantonul St. Gallen<\/strong><\/a> St. Gallen este unul dintre cele mai importante cantoane din punct de vedere structural din Elve\u021bia. Acesta combin\u0103 industria, zonele rurale, institu\u021biile de \u00eenv\u0103\u021b\u0103m\u00e2nt \u0219i regiunile alpine \u2013 adesea subestimate, dar centrale din punct de vedere economic \u0219i social.<\/p>\n\n\n\n<h3 class=\"wp-block-heading\">Top 10 pe scurt<\/h3>\n\n\n\n<p class=\"wp-block-paragraph\"><strong>1. Nucleul industrial al Elve\u021biei de Est<\/strong><br>Ingineria mecanic\u0103, ingineria de precizie \u0219i industria caracterizeaz\u0103 cantonul.<\/p>\n\n\n\n<p class=\"wp-block-paragraph\"><strong>2. Regiunea Lacului Constan\u021ba ca motor de cre\u0219tere<\/strong><br>Loca\u021bie \u00een apropierea grani\u021bei, turism \u0219i interconectare interna\u021bional\u0103.<\/p>\n\n\n\n<p class=\"wp-block-paragraph\"><strong>3. St. Gallen ca centru educa\u021bional<\/strong><br>Universit\u0103\u021bi \u0219i universit\u0103\u021bi de \u0219tiin\u021be aplicate cu reputa\u021bie interna\u021bional\u0103.<\/p>\n\n\n\n<p class=\"wp-block-paragraph\"><strong>4. Mare diversitate regional\u0103<\/strong><br>De la Lacul Constan\u021ba p\u00e2n\u0103 la Toggenburg.<\/p>\n\n\n\n<p class=\"wp-block-paragraph\"><strong>5. Peisaj IMM puternic<\/strong><br>Afacerile de familie \u0219i companiile orientate spre export domin\u0103.<\/p>\n\n\n\n<p class=\"wp-block-paragraph\"><strong>6. Centrul de transport al Elve\u021biei de Est<\/strong><br>Importante rute feroviare \u0219i rutiere.<\/p>\n\n\n\n<p class=\"wp-block-paragraph\"><strong>7. Identitate cultural\u0103<\/strong><br>Cartierul aba\u021biei, sit inclus \u00een Patrimoniul Mondial UNESCO \u0219i tradi\u021bii regionale.<\/p>\n\n\n\n<p class=\"wp-block-paragraph\"><strong>8. Canton reziden\u021bial rural<\/strong><br>Atractiv pentru familii \u0219i naveti\u0219ti.<\/p>\n\n\n\n<p class=\"wp-block-paragraph\"><strong>9. Etic\u0103 profesional\u0103 ridicat\u0103<\/strong><br>Mentalitate pragmatic\u0103, orientat\u0103 spre performan\u021b\u0103.<\/p>\n\n\n\n<p class=\"wp-block-paragraph\"><strong>10. Calitate solid\u0103 a vie\u021bii<\/strong><br>Mai pu\u021bin aglomerat dec\u00e2t \u00een ora\u0219ele mari, bine conectat.<\/p>\n\n\n\n<h3 class=\"wp-block-heading\">De ce aceste 10 topuri sunt valabile pe termen lung<\/h3>\n\n\n\n<p class=\"wp-block-paragraph\">Cantonul St. Gallen se dezvolt\u0103 constant, nu haotic \u2013 tocmai asta \u00eel face stabil.<\/p>\n\n\n\n<!-- schweiz.blog x schweiz.work -->\n<div style=\"  margin:56px 0;  padding:24px 28px;  border-left:3px solid #60a5fa;  background:rgba(255,255,255,0.02);  color:#e5e7eb;  font-family:system-ui,sans-serif;\">\n  <p style=\"margin:0 0 12px 0; font-size:15px; line-height:1.7;\">\n    \u00cen plus fa\u021b\u0103 de acest blog, administr\u0103m, de asemenea <strong>Elve\u021bia.munc\u0103<\/strong>  \n    o platform\u0103 pentru servicii \u00een Elve\u021bia.\n  <\/p>\n\n  <p style=\"margin:0; font-size:15px;\">\n    <a href=\"https:\/\/schweiz.work\/?ref=schweizblog\" style=\"color:#93c5fd; font-weight:500; text-decoration:none;\" target=\"_blank\" rel=\"noopener\">\n      1 anun\u021b curent gratuit timp de 30 de zile \u2192\n    <\/a>\n  <\/p>\n<\/div>\n<!-- \/schweiz.blog x schweiz.work -->","protected":false},"excerpt":{"rendered":"Der Kanton St. Gallen geh\u00f6rt zu den strukturell wichtigsten Kantonen der Schweiz. Der Kanton St. Gallen verbindet Industrie,&hellip;","protected":false},"author":274216737,"featured_media":1224,"comment_status":"open","ping_status":"open","sticky":false,"template":"","format":"standard","meta":{"_crdt_document":"","_jetpack_newsletter_access":"","_jetpack_dont_email_post_to_subs":true,"_jetpack_newsletter_tier_id":0,"_jetpack_memberships_contains_paywalled_content":false,"csco_display_header_overlay":false,"csco_singular_sidebar":"","csco_page_header_type":"","csco_page_load_nextpost":"","csco_page_reading_time":"","csco_page_toc_navigation":"","csco_post_video_location":[],"csco_post_video_location_hash":"","csco_post_video_url":"","csco_post_video_bg_start_time":0,"csco_post_video_bg_end_time":0,"csco_post_video_bg_volume":false,"_jetpack_memberships_contains_paid_content":false,"footnotes":"","jetpack_post_was_ever_published":false},"categories":[3117],"tags":[3154,3152,3304,3305,3302,3303],"class_list":{"0":"post-1221","1":"post","2":"type-post","3":"status-publish","4":"format-standard","5":"has-post-thumbnail","7":"category-kanton-st-gallen","8":"tag-kanton-st-gallen","9":"tag-leben-im-kanton-st-gallen","10":"tag-ostschweiz-region","11":"tag-st-gallen-besonderheiten","12":"tag-st-gallen-fakten","13":"tag-top-10-kanton-st-gallen","14":"cs-entry","15":"cs-video-wrap"},"jetpack_featured_media_url":"https:\/\/i0.wp.com\/schweiz.blog\/wp-content\/uploads\/2025\/12\/20251228_1513_Kanton-Aargau-Essentials_simple_compose_01kdjmw2wnexstcn9mkccxg6zq.png?fit=1536%2C1024&ssl=1","jetpack_sharing_enabled":true,"jetpack_shortlink":"https:\/\/wp.me\/pgWLwP-jH","_links":{"self":[{"href":"https:\/\/schweiz.blog\/ro\/wp-json\/wp\/v2\/posts\/1221","targetHints":{"allow":["GET"]}}],"collection":[{"href":"https:\/\/schweiz.blog\/ro\/wp-json\/wp\/v2\/posts"}],"about":[{"href":"https:\/\/schweiz.blog\/ro\/wp-json\/wp\/v2\/types\/post"}],"author":[{"embeddable":true,"href":"https:\/\/schweiz.blog\/ro\/wp-json\/wp\/v2\/users\/274216737"}],"replies":[{"embeddable":true,"href":"https:\/\/schweiz.blog\/ro\/wp-json\/wp\/v2\/comments?post=1221"}],"version-history":[{"count":2,"href":"https:\/\/schweiz.blog\/ro\/wp-json\/wp\/v2\/posts\/1221\/revisions"}],"predecessor-version":[{"id":1225,"href":"https:\/\/schweiz.blog\/ro\/wp-json\/wp\/v2\/posts\/1221\/revisions\/1225"}],"wp:featuredmedia":[{"embeddable":true,"href":"https:\/\/schweiz.blog\/ro\/wp-json\/wp\/v2\/media\/1224"}],"wp:attachment":[{"href":"https:\/\/schweiz.blog\/ro\/wp-json\/wp\/v2\/media?parent=1221"}],"wp:term":[{"taxonomy":"category","embeddable":true,"href":"https:\/\/schweiz.blog\/ro\/wp-json\/wp\/v2\/categories?post=1221"},{"taxonomy":"post_tag","embeddable":true,"href":"https:\/\/schweiz.blog\/ro\/wp-json\/wp\/v2\/tags?post=1221"}],"curies":[{"name":"wp","href":"https:\/\/api.w.org\/{rel}","templated":true}]}}