{"id":1251,"date":"2025-12-28T15:48:04","date_gmt":"2025-12-28T14:48:04","guid":{"rendered":"https:\/\/schweiz.blog\/?p=1251"},"modified":"2026-03-19T14:19:55","modified_gmt":"2026-03-19T13:19:55","slug":"cantonul-valais-2026-cum-se-vor-schimba-natura-energia-si-viata-de-zi-cu-zi","status":"publish","type":"post","link":"https:\/\/schweiz.blog\/ro\/kanton-wallis-2026-wie-natur-energie-und-alltag-sich-veraendern\/","title":{"rendered":"Cantonul Valais 2026 \u2013 Cum se vor schimba natura, energia \u0219i via\u021ba de zi cu zi"},"content":{"rendered":"<p class=\"wp-block-paragraph\">Cel\/Cea\/Cei\/Cele <strong><a href=\"https:\/\/schweiz.blog\/ro\/categorie\/cantonul-valais\/\" data-type=\"category\" data-id=\"3123\">Cantonul Valais<\/a><\/strong> Valais se va confrunta cu presiuni pe mai multe fronturi \u00een 2026. Cantonul trebuie s\u0103 abordeze simultan schimb\u0103rile climatice, politica energetic\u0103 \u0219i dezvoltarea habitatului.<\/p>\n\n\n\n<h3 class=\"wp-block-heading\">Schimb\u0103rile climatice devin vizibile<\/h3>\n\n\n\n<p class=\"wp-block-paragraph\">Ghe\u021barii se topesc, permafrostul destabilizeaz\u0103 versan\u021bii. Hazardele naturale sunt \u00een cre\u0219tere \u0219i necesit\u0103 investi\u021bii masive \u00een m\u0103suri de protec\u021bie \u0219i monitorizare.<\/p>\n\n\n\n<h3 class=\"wp-block-heading\">Energia c\u00e2\u0219tig\u0103 importan\u021b\u0103<\/h3>\n\n\n\n<p class=\"wp-block-paragraph\">Energia hidroelectric\u0103 r\u0103m\u00e2ne esen\u021bial\u0103, iar noi solu\u021bii de stocare \u0219i de re\u021bea sunt \u00een curs de discu\u021bie. Valais se pozi\u021bioneaz\u0103 mai puternic ca canton energetic al Elve\u021biei.<\/p>\n\n\n\n<h3 class=\"wp-block-heading\">Turismul \u00een tranzi\u021bie<\/h3>\n\n\n\n<p class=\"wp-block-paragraph\">Fiabilitatea z\u0103pezii este \u00een sc\u0103dere, ceea ce face ca ofertele pe tot parcursul anului s\u0103 fie mai importante. Calitatea, sustenabilitatea \u0219i crearea de valoare regional\u0103 devin din ce \u00een ce mai importante.<\/p>\n\n\n\n<h3 class=\"wp-block-heading\">Locuin\u021be \u0219i infrastructur\u0103<\/h3>\n\n\n\n<p class=\"wp-block-paragraph\">\u00cen Valea Ronului, presiunea asupra locuin\u021belor \u0219i transporturilor este \u00een cre\u0219tere. \u00cen acela\u0219i timp, regiunile periferice se confrunt\u0103 cu depopularea.<\/p>\n\n\n\n<h3 class=\"wp-block-heading\">Schimbare social\u0103<\/h3>\n\n\n\n<p class=\"wp-block-paragraph\">Popula\u021bia \u00eemb\u0103tr\u00e2ne\u0219te, iar tinerii se mut\u0103. \u00cen acela\u0219i timp, con\u0219tientizarea identit\u0103\u021bii \u0219i independen\u021bei regionale este \u00een cre\u0219tere.<\/p>\n\n\n\n<h3 class=\"wp-block-heading\">Concluzie<\/h3>\n\n\n\n<p class=\"wp-block-paragraph\">Cantonul Valais se va confrunta cu provoc\u0103ri mai mari \u00een 2026 dec\u00e2t multe alte cantoane. Viitorul s\u0103u depinde de c\u00e2t de bine va echilibra natura, economia \u0219i spa\u021biul vital.<\/p>\n\n\n\n<!-- schweiz.blog x schweiz.work -->\n<div style=\"  margin:56px 0;  padding:24px 28px;  border-left:3px solid #60a5fa;  background:rgba(255,255,255,0.02);  color:#e5e7eb;  font-family:system-ui,sans-serif;\">\n  <p style=\"margin:0 0 12px 0; font-size:15px; line-height:1.7;\">\n    \u00cen plus fa\u021b\u0103 de acest blog, administr\u0103m, de asemenea <strong>Elve\u021bia.munc\u0103<\/strong>  \n    o platform\u0103 pentru servicii \u00een Elve\u021bia.\n  <\/p>\n\n  <p style=\"margin:0; font-size:15px;\">\n    <a href=\"https:\/\/schweiz.work\/?ref=schweizblog\" style=\"color:#93c5fd; font-weight:500; text-decoration:none;\" target=\"_blank\" rel=\"noopener\">\n      1 anun\u021b curent gratuit timp de 30 de zile \u2192\n    <\/a>\n  <\/p>\n<\/div>\n<!-- \/schweiz.blog x schweiz.work -->","protected":false},"excerpt":{"rendered":"Der Kanton Wallis steht 2026 an mehreren Fronten unter Druck. Der Kanton Wallis muss Klimawandel, Energiepolitik und Lebensraumentwicklung&hellip;","protected":false},"author":274216737,"featured_media":1248,"comment_status":"open","ping_status":"open","sticky":false,"template":"","format":"standard","meta":{"_crdt_document":"","_jetpack_newsletter_access":"","_jetpack_dont_email_post_to_subs":true,"_jetpack_newsletter_tier_id":0,"_jetpack_memberships_contains_paywalled_content":false,"csco_display_header_overlay":false,"csco_singular_sidebar":"","csco_page_header_type":"","csco_page_load_nextpost":"","csco_page_reading_time":"","csco_page_toc_navigation":"","csco_post_video_location":[],"csco_post_video_location_hash":"","csco_post_video_url":"","csco_post_video_bg_start_time":0,"csco_post_video_bg_end_time":0,"csco_post_video_bg_volume":false,"_jetpack_memberships_contains_paid_content":false,"footnotes":"","jetpack_post_was_ever_published":false},"categories":[3123],"tags":[3334,3332,3333,3335,3336],"class_list":{"0":"post-1251","1":"post","2":"type-post","3":"status-publish","4":"format-standard","5":"has-post-thumbnail","7":"category-kanton-wallis","8":"tag-energie-wallis-2026","9":"tag-kanton-wallis-2026","10":"tag-klimawandel-wallis","11":"tag-wallis-veraenderungen-2026","12":"tag-wallis-zukunft","13":"cs-entry","14":"cs-video-wrap"},"jetpack_featured_media_url":"https:\/\/i0.wp.com\/schweiz.blog\/wp-content\/uploads\/2025\/12\/20251228_1545_Wallis-Zukunftsvision_simple_compose_01kdjppxe1eed9mw8kwkkpswsr.png?fit=1536%2C1024&ssl=1","jetpack_sharing_enabled":true,"jetpack_shortlink":"https:\/\/wp.me\/pgWLwP-kb","_links":{"self":[{"href":"https:\/\/schweiz.blog\/ro\/wp-json\/wp\/v2\/posts\/1251","targetHints":{"allow":["GET"]}}],"collection":[{"href":"https:\/\/schweiz.blog\/ro\/wp-json\/wp\/v2\/posts"}],"about":[{"href":"https:\/\/schweiz.blog\/ro\/wp-json\/wp\/v2\/types\/post"}],"author":[{"embeddable":true,"href":"https:\/\/schweiz.blog\/ro\/wp-json\/wp\/v2\/users\/274216737"}],"replies":[{"embeddable":true,"href":"https:\/\/schweiz.blog\/ro\/wp-json\/wp\/v2\/comments?post=1251"}],"version-history":[{"count":1,"href":"https:\/\/schweiz.blog\/ro\/wp-json\/wp\/v2\/posts\/1251\/revisions"}],"predecessor-version":[{"id":1252,"href":"https:\/\/schweiz.blog\/ro\/wp-json\/wp\/v2\/posts\/1251\/revisions\/1252"}],"wp:featuredmedia":[{"embeddable":true,"href":"https:\/\/schweiz.blog\/ro\/wp-json\/wp\/v2\/media\/1248"}],"wp:attachment":[{"href":"https:\/\/schweiz.blog\/ro\/wp-json\/wp\/v2\/media?parent=1251"}],"wp:term":[{"taxonomy":"category","embeddable":true,"href":"https:\/\/schweiz.blog\/ro\/wp-json\/wp\/v2\/categories?post=1251"},{"taxonomy":"post_tag","embeddable":true,"href":"https:\/\/schweiz.blog\/ro\/wp-json\/wp\/v2\/tags?post=1251"}],"curies":[{"name":"wp","href":"https:\/\/api.w.org\/{rel}","templated":true}]}}