{"id":810,"date":"2025-11-29T15:32:46","date_gmt":"2025-11-29T14:32:46","guid":{"rendered":"https:\/\/schweiz.blog\/?p=810"},"modified":"2026-03-19T14:25:05","modified_gmt":"2026-03-19T13:25:05","slug":"statiuni-speciale-de-iarna-in-elvetia","status":"publish","type":"post","link":"https:\/\/schweiz.blog\/ro\/besondere-winterorte-schweiz\/","title":{"rendered":"Destina\u021bii speciale de iarn\u0103 \u00een Elve\u021bia: sfaturi din interior departe de mul\u021bime"},"content":{"rendered":"<p class=\"wp-block-paragraph\">Multe p\u0103r\u021bi ale Elve\u021biei sunt intens vizitate iarna \u2013 dar exist\u0103 \u0219i locuri mai lini\u0219tite, mai speciale, care sunt greu de cunoscut. Acest articol prezint\u0103 destina\u021bii unice de iarn\u0103, situate \u00een afara traseelor turistice obi\u0219nuite \u0219i care posed\u0103 o magie proprie.<\/p>\n\n\n\n<h2 class=\"wp-block-heading\">V\u0103i \u00eendep\u0103rtate \u0219i regiuni de iarn\u0103 lini\u0219tite<\/h2>\n\n\n\n<h3 class=\"wp-block-heading\">Valea Safien (Graub\u00fcnden)<\/h3>\n\n\n\n<p class=\"wp-block-paragraph\">O vale aproape neatins\u0103, cu autenticitate \u0219i mult\u0103 lini\u0219te.<br>Site oficial: <a><a href=\"https:\/\/www.safiental.ch\" rel=\"nofollow\">https:\/\/www.safiental.ch<\/a><\/a><\/p>\n\n\n\n<h3 class=\"wp-block-heading\">Binntal (Valais)<\/h3>\n\n\n\n<p class=\"wp-block-paragraph\">Parc natural, mult soare, pu\u021bin turism, plimb\u0103ri perfecte de iarn\u0103.<br>Site oficial: <a href=\"https:\/\/www.landschaftspark-binntal.ch\" target=\"_blank\" rel=\"noopener\">https:\/\/www.landschaftspark-binntal.ch<\/a><\/p>\n\n\n\n<h3 class=\"wp-block-heading\">Val M\u00fcstair<\/h3>\n\n\n\n<p class=\"wp-block-paragraph\">Remot\u0103, \u00eensorit\u0103, Rezerva\u021bie a Biosferei UNESCO.<br>Site oficial: <a href=\"https:\/\/www.val-muestair.ch\" target=\"_blank\" rel=\"noopener\">https:\/\/www.val-muestair.ch<\/a><\/p>\n\n\n\n<hr class=\"wp-block-separator has-alpha-channel-opacity\"\/>\n\n\n\n<h2 class=\"wp-block-heading\">Sta\u021biuni speciale de iarn\u0103 l\u00e2ng\u0103 ap\u0103<\/h2>\n\n\n\n<h3 class=\"wp-block-heading\">Lungern \u0219i Lungernsee<\/h3>\n\n\n\n<p class=\"wp-block-paragraph\">Plimb\u0103ri de iarn\u0103 cu panorame montane \u0219i o atmosfer\u0103 lini\u0219tit\u0103.<br>Site oficial: <a href=\"https:\/\/www.obwalden-tourismus.ch\" target=\"_blank\" rel=\"noopener\">https:\/\/www.obwalden-tourismus.ch<\/a><\/p>\n\n\n\n<h3 class=\"wp-block-heading\">Sils Maria (Engadine)<\/h3>\n\n\n\n<p class=\"wp-block-paragraph\">Unul dintre cele mai atmosferice locuri din Alpi \u00een timpul iernii.<br>Site oficial: <a href=\"https:\/\/www.engadin.ch\" target=\"_blank\" rel=\"noopener\">https:\/\/www.engadin.ch<\/a><\/p>\n\n\n\n<h3 class=\"wp-block-heading\">Rapperswil \u2013 Lac \u0219i Ora\u0219 Vechi<\/h3>\n\n\n\n<p class=\"wp-block-paragraph\">Iarn\u0103 \u0219i lini\u0219tit\u0103, perfect\u0103 pentru o \u00eent\u00e2lnire de sear\u0103 sau o plimbare.<br>Site oficial: <a><a href=\"https:\/\/www.rapperswil-zuerichsee.ch\" rel=\"nofollow\">https:\/\/www.rapperswil-zuerichsee.ch<\/a><\/a><\/p>\n\n\n\n<hr class=\"wp-block-separator has-alpha-channel-opacity\"\/>\n\n\n\n<h2 class=\"wp-block-heading\">Sta\u021biuni de iarn\u0103 cu o atmosfer\u0103 special\u0103<\/h2>\n\n\n\n<h3 class=\"wp-block-heading\">Valendas \u2013 un sat plin de case istorice din lemn<\/h3>\n\n\n\n<p class=\"wp-block-paragraph\">Lini\u0219tit, mic, iarnar.<br>Site oficial: <a href=\"https:\/\/www.surselva.info\" target=\"_blank\" rel=\"noopener\">https:\/\/www.surselva.info<\/a><\/p>\n\n\n\n<h3 class=\"wp-block-heading\">Bosco Gurin (Ticino)<\/h3>\n\n\n\n<p class=\"wp-block-paragraph\">Cel mai vechi sat Walser din Elve\u021bia, cu case din lemn acoperite de z\u0103pad\u0103.<br>Site oficial: <a><a href=\"https:\/\/www.boscogurin.ch\" rel=\"nofollow\">https:\/\/www.boscogurin.ch<\/a><\/a><\/p>\n\n\n\n<h3 class=\"wp-block-heading\">Spl\u00fcgen<\/h3>\n\n\n\n<p class=\"wp-block-paragraph\">Centru istoric al satului, cl\u0103diri din piatr\u0103, lini\u0219te alpin\u0103.<br>Site oficial: <a><a href=\"https:\/\/www.viamalas.ch\" rel=\"nofollow\">https:\/\/www.viamalas.ch<\/a><\/a><\/p>\n\n\n\n<hr class=\"wp-block-separator has-alpha-channel-opacity\"\/>\n\n\n\n<h2 class=\"wp-block-heading\">Experien\u021be neobi\u0219nuite de iarn\u0103<\/h2>\n\n\n\n<h3 class=\"wp-block-heading\">Satul Iglu din Gstaad<\/h3>\n\n\n\n<p class=\"wp-block-paragraph\">Petrece\u021bi noaptea \u00eentr-un iglu, savura\u021bi fondue \u00een z\u0103pad\u0103.<br>Site oficial: <a href=\"https:\/\/www.iglu-dorf.com\" target=\"_blank\" rel=\"noopener\">https:\/\/www.iglu-dorf.com<\/a><\/p>\n\n\n\n<h3 class=\"wp-block-heading\">Satul de iarn\u0103 Scuol<\/h3>\n\n\n\n<p class=\"wp-block-paragraph\">B\u0103i termale + alei istorice + atmosfer\u0103 lini\u0219tit\u0103 de iarn\u0103.<br>Site oficial: <a href=\"https:\/\/www.engadin.com\" target=\"_blank\" rel=\"noopener\">https:\/\/www.engadin.com<\/a><\/p>\n\n\n\n<h3 class=\"wp-block-heading\">Traseu panoramic cu felinare \u00een S\u00f6renberg<\/h3>\n\n\n\n<p class=\"wp-block-paragraph\">Cale lini\u0219tit\u0103 de iarn\u0103, cu iluminare de sear\u0103.<br>Site oficial: <a href=\"https:\/\/www.soerenberg.ch\" target=\"_blank\" rel=\"noopener\">https:\/\/www.soerenberg.ch<\/a><\/p>\n\n\n\n<hr class=\"wp-block-separator has-alpha-channel-opacity\"\/>\n\n\n\n<h2 class=\"wp-block-heading\">Concluzie<\/h2>\n\n\n\n<p class=\"wp-block-paragraph\">Sta\u021biunile de iarn\u0103 speciale ale Elve\u021biei ofer\u0103 mai mult dec\u00e2t schi. Cei care caut\u0103 pace adev\u0103rat\u0103, atmosfer\u0103 \u0219i sate autentice vor g\u0103si numeroase destina\u021bii lini\u0219tite, romantice \u0219i unice \u00een timpul iernii.<\/p>","protected":false},"excerpt":{"rendered":"Die Schweiz ist im Winter vielerorts stark besucht \u2013 doch es gibt stillere, besondere Orte, die man kaum&hellip;","protected":false},"author":274216737,"featured_media":812,"comment_status":"open","ping_status":"open","sticky":false,"template":"","format":"standard","meta":{"_crdt_document":"","_jetpack_newsletter_access":"","_jetpack_dont_email_post_to_subs":true,"_jetpack_newsletter_tier_id":0,"_jetpack_memberships_contains_paywalled_content":false,"csco_display_header_overlay":false,"csco_singular_sidebar":"","csco_page_header_type":"","csco_page_load_nextpost":"","csco_page_reading_time":"","csco_page_toc_navigation":"","csco_post_video_location":[],"csco_post_video_location_hash":"","csco_post_video_url":"","csco_post_video_bg_start_time":0,"csco_post_video_bg_end_time":0,"csco_post_video_bg_volume":false,"_jetpack_memberships_contains_paid_content":false,"footnotes":"","jetpack_post_was_ever_published":false},"categories":[2723,2724],"tags":[2937,2935,2936,2938],"class_list":{"0":"post-810","1":"post","2":"type-post","3":"status-publish","4":"format-standard","5":"has-post-thumbnail","7":"category-schweiz","8":"category-alltag","9":"tag-besondere-winterorte-schweiz","10":"tag-ruhige-winterorte-schweiz","11":"tag-schweiz-winter-abseits-massen","12":"tag-winter-geheimtipps-schweiz","13":"cs-entry","14":"cs-video-wrap"},"jetpack_featured_media_url":"https:\/\/i0.wp.com\/schweiz.blog\/wp-content\/uploads\/2025\/11\/20251129_1529_Winterliches-Schweiz-Abenteuer_simple_compose_01kb807wpmf3wsnyca9ea9d1ws.png?fit=1536%2C1024&ssl=1","jetpack_sharing_enabled":true,"jetpack_shortlink":"https:\/\/wp.me\/pgWLwP-d4","_links":{"self":[{"href":"https:\/\/schweiz.blog\/ro\/wp-json\/wp\/v2\/posts\/810","targetHints":{"allow":["GET"]}}],"collection":[{"href":"https:\/\/schweiz.blog\/ro\/wp-json\/wp\/v2\/posts"}],"about":[{"href":"https:\/\/schweiz.blog\/ro\/wp-json\/wp\/v2\/types\/post"}],"author":[{"embeddable":true,"href":"https:\/\/schweiz.blog\/ro\/wp-json\/wp\/v2\/users\/274216737"}],"replies":[{"embeddable":true,"href":"https:\/\/schweiz.blog\/ro\/wp-json\/wp\/v2\/comments?post=810"}],"version-history":[{"count":2,"href":"https:\/\/schweiz.blog\/ro\/wp-json\/wp\/v2\/posts\/810\/revisions"}],"predecessor-version":[{"id":813,"href":"https:\/\/schweiz.blog\/ro\/wp-json\/wp\/v2\/posts\/810\/revisions\/813"}],"wp:featuredmedia":[{"embeddable":true,"href":"https:\/\/schweiz.blog\/ro\/wp-json\/wp\/v2\/media\/812"}],"wp:attachment":[{"href":"https:\/\/schweiz.blog\/ro\/wp-json\/wp\/v2\/media?parent=810"}],"wp:term":[{"taxonomy":"category","embeddable":true,"href":"https:\/\/schweiz.blog\/ro\/wp-json\/wp\/v2\/categories?post=810"},{"taxonomy":"post_tag","embeddable":true,"href":"https:\/\/schweiz.blog\/ro\/wp-json\/wp\/v2\/tags?post=810"}],"curies":[{"name":"wp","href":"https:\/\/api.w.org\/{rel}","templated":true}]}}