{"id":1129,"date":"2025-12-28T13:01:54","date_gmt":"2025-12-28T12:01:54","guid":{"rendered":"https:\/\/schweiz.blog\/?p=1129"},"modified":"2026-03-19T14:20:15","modified_gmt":"2026-03-19T13:20:15","slug":"kantoni-i-zugut-ekonomia-taksat-dhe-jeta-moderne","status":"publish","type":"post","link":"https:\/\/schweiz.blog\/sq\/kanton-zug-wirtschaft-steuern-und-modernes-leben\/","title":{"rendered":"Kantoni i Zugut \u2013 Ekonomia, Taksat dhe Jeta Moderne"},"content":{"rendered":"<p class=\"wp-block-paragraph\">I\/E\/T\u00eb\/T\u00eb <strong><a href=\"https:\/\/schweiz.blog\/sq\/kategori\/kantoni-i-zug-ut\/\" data-type=\"category\" data-id=\"3109\">Kantoni i Zugut<\/a><\/strong> Zugu \u00ebsht\u00eb nj\u00eb nga kantonet m\u00eb me ndikim n\u00eb Zvic\u00ebr. Kantoni q\u00ebndron p\u00ebr atraktivitetin ekonomik, taksat e ul\u00ebta dhe nj\u00eb orientim nd\u00ebrkomb\u00ebtar q\u00eb shtrihet p\u00ebrtej madh\u00ebsis\u00eb s\u00eb tij gjeografike.<\/p>\n\n\n\n<h3 class=\"wp-block-heading\">Vendndodhje ekonomike me r\u00ebnd\u00ebsi globale<\/h3>\n\n\n\n<p class=\"wp-block-paragraph\">Zugu e ka pozicionuar strategjikisht veten si nj\u00eb vend biznesi. Korporatat nd\u00ebrkomb\u00ebtare, kompanit\u00eb e l\u00ebnd\u00ebve t\u00eb para, kompanit\u00eb e teknologjis\u00eb dhe startup-et form\u00ebsojn\u00eb kantonin. Zugu \u00ebsht\u00eb ve\u00e7an\u00ebrisht i njohur p\u00ebr:<\/p>\n\n\n\n<ul class=\"wp-block-list\">\n<li>kushte t\u00ebrheq\u00ebse tatimore<\/li>\n\n\n\n<li>zhvendosjet e kompanive nd\u00ebrkomb\u00ebtare<\/li>\n\n\n\n<li>dend\u00ebsi e lart\u00eb e kompanis\u00eb<\/li>\n\n\n\n<li>e ashtuquajtura Lugina e Kriptos<\/li>\n<\/ul>\n\n\n\n<p class=\"wp-block-paragraph\">K\u00ebta faktor\u00eb e kan\u00eb b\u00ebr\u00eb Zugun nj\u00eb nga kantonet m\u00eb t\u00eb pasura.<\/p>\n\n\n\n<h3 class=\"wp-block-heading\">Jeta n\u00eb Kantonin e Zugut<\/h3>\n\n\n\n<p class=\"wp-block-paragraph\">T\u00eb ardhurat e larta dhe taksat e ul\u00ebta kan\u00eb nj\u00eb \u00e7mim. Strehimi \u00ebsht\u00eb i pak\u00ebt dhe i shtrenjt\u00eb. N\u00eb t\u00eb nj\u00ebjt\u00ebn koh\u00eb, kantoni ofron:<\/p>\n\n\n\n<ul class=\"wp-block-list\">\n<li>distanca t\u00eb shkurtra<\/li>\n\n\n\n<li>siguri e lart\u00eb<\/li>\n\n\n\n<li>shkolla t\u00eb mira<\/li>\n\n\n\n<li>cil\u00ebsi e lart\u00eb e jet\u00ebs<\/li>\n<\/ul>\n\n\n\n<p class=\"wp-block-paragraph\">Liqeni Zug dhe af\u00ebrsia me rezervatet natyrore ofrojn\u00eb nj\u00eb ekuilib\u00ebr t\u00eb r\u00ebnd\u00ebsish\u00ebm p\u00ebr jet\u00ebn e p\u00ebrditshme t\u00eb orientuar drejt performanc\u00ebs.<\/p>\n\n\n\n<h3 class=\"wp-block-heading\">Struktura shoq\u00ebrore<\/h3>\n\n\n\n<p class=\"wp-block-paragraph\">Popullsia \u00ebsht\u00eb nd\u00ebrkomb\u00ebtare, e arsimuar mir\u00eb dhe e l\u00ebvizshme. Shum\u00eb njer\u00ebz kan\u00eb emigruar, gj\u00eb q\u00eb rrit diversitetin shoq\u00ebror, por gjithashtu ngre probleme integrimi.<\/p>\n\n\n\n<p class=\"wp-block-paragraph\">Trenat konsiderohen efikas\u00eb, t\u00eb qet\u00eb dhe t\u00eb fokusuar fort n\u00eb funksionalitet.<\/p>\n\n\n\n<h3 class=\"wp-block-heading\">Orientimi politik<\/h3>\n\n\n\n<p class=\"wp-block-paragraph\">Politikisht, kantoni p\u00ebrqendrohet n\u00eb kushte miq\u00ebsore p\u00ebr biznesin dhe nj\u00eb administrat\u00eb t\u00eb dob\u00ebt. Debatet shoq\u00ebrore jan\u00eb p\u00ebrgjith\u00ebsisht pragmatike dhe m\u00eb pak ideologjike sesa n\u00eb qendrat urbane.<\/p>\n\n\n\n<h3 class=\"wp-block-heading\">Perspektivat e ardhshme<\/h3>\n\n\n\n<p class=\"wp-block-paragraph\">I\/E\/T\u00eb\/T\u00eb <a href=\"https:\/\/schweiz.blog\/sq\/kategori\/kantoni-i-zug-ut\/\" data-type=\"category\" data-id=\"3109\">Kantoni i Zugut<\/a> Vendi p\u00ebrballet me sfid\u00ebn e pajtueshm\u00ebris\u00eb s\u00eb rritjes ekonomike dhe nevojave p\u00ebr strehim. N\u00eb planin afatgjat\u00eb, faktori vendimtar do t\u00eb jet\u00eb se sa e balancuar shoq\u00ebrisht do t\u00eb mbetet shp\u00ebrndarja e suksesit.<\/p>\n\n\n\n<!-- schweiz.blog x schweiz.work -->\n<div style=\"  margin:56px 0;  padding:24px 28px;  border-left:3px solid #60a5fa;  background:rgba(255,255,255,0.02);  color:#e5e7eb;  font-family:system-ui,sans-serif;\">\n  <p style=\"margin:0 0 12px 0; font-size:15px; line-height:1.7;\">\n    P\u00ebrve\u00e7 k\u00ebtij blogu, ne gjithashtu drejtojm\u00eb <strong>zvic\u00ebr.pun\u00eb<\/strong>  \n    nj\u00eb platform\u00eb p\u00ebr sh\u00ebrbime n\u00eb Zvic\u00ebr.\n  <\/p>\n\n  <p style=\"margin:0; font-size:15px;\">\n    <a href=\"https:\/\/schweiz.work\/?ref=schweizblog\" style=\"color:#93c5fd; font-weight:500; text-decoration:none;\" target=\"_blank\" rel=\"noopener\">\n      1 reklam\u00eb aktualisht falas p\u00ebr 30 dit\u00eb \u2192\n    <\/a>\n  <\/p>\n<\/div>\n<!-- \/schweiz.blog x schweiz.work -->","protected":false},"excerpt":{"rendered":"Der Kanton Zug ist einer der einflussreichsten Kantone der Schweiz. Der Kanton Zug steht f\u00fcr wirtschaftliche Attraktivit\u00e4t, niedrige&hellip;","protected":false},"author":274216737,"featured_media":1132,"comment_status":"open","ping_status":"open","sticky":false,"template":"","format":"standard","meta":{"_crdt_document":"","_jetpack_newsletter_access":"","_jetpack_dont_email_post_to_subs":true,"_jetpack_newsletter_tier_id":0,"_jetpack_memberships_contains_paywalled_content":false,"csco_display_header_overlay":false,"csco_singular_sidebar":"","csco_page_header_type":"","csco_page_load_nextpost":"","csco_page_reading_time":"","csco_page_toc_navigation":"","csco_post_video_location":[],"csco_post_video_location_hash":"","csco_post_video_url":"","csco_post_video_bg_start_time":0,"csco_post_video_bg_end_time":0,"csco_post_video_bg_volume":false,"_jetpack_memberships_contains_paid_content":false,"footnotes":"","jetpack_post_was_ever_published":false},"categories":[3109],"tags":[3191,3190,3192,3189,3193,3188],"class_list":{"0":"post-1129","1":"post","2":"type-post","3":"status-publish","4":"format-standard","5":"has-post-thumbnail","7":"category-kanton-zug","8":"tag-crypto-valley-zug","9":"tag-kanton-zug","10":"tag-leben-im-kanton-zug","11":"tag-wohnen-zug","12":"tag-zug-steuern","13":"tag-zug-wirtschaft","14":"cs-entry","15":"cs-video-wrap"},"jetpack_featured_media_url":"https:\/\/i0.wp.com\/schweiz.blog\/wp-content\/uploads\/2025\/12\/20251228_1258_Kanton-Zug_-Wirtschaftssymbolik_simple_compose_01kdjd5hdpfn4v8h53at5m0n7x.png?fit=1536%2C1024&ssl=1","jetpack_sharing_enabled":true,"jetpack_shortlink":"https:\/\/wp.me\/pgWLwP-id","_links":{"self":[{"href":"https:\/\/schweiz.blog\/sq\/wp-json\/wp\/v2\/posts\/1129","targetHints":{"allow":["GET"]}}],"collection":[{"href":"https:\/\/schweiz.blog\/sq\/wp-json\/wp\/v2\/posts"}],"about":[{"href":"https:\/\/schweiz.blog\/sq\/wp-json\/wp\/v2\/types\/post"}],"author":[{"embeddable":true,"href":"https:\/\/schweiz.blog\/sq\/wp-json\/wp\/v2\/users\/274216737"}],"replies":[{"embeddable":true,"href":"https:\/\/schweiz.blog\/sq\/wp-json\/wp\/v2\/comments?post=1129"}],"version-history":[{"count":2,"href":"https:\/\/schweiz.blog\/sq\/wp-json\/wp\/v2\/posts\/1129\/revisions"}],"predecessor-version":[{"id":1133,"href":"https:\/\/schweiz.blog\/sq\/wp-json\/wp\/v2\/posts\/1129\/revisions\/1133"}],"wp:featuredmedia":[{"embeddable":true,"href":"https:\/\/schweiz.blog\/sq\/wp-json\/wp\/v2\/media\/1132"}],"wp:attachment":[{"href":"https:\/\/schweiz.blog\/sq\/wp-json\/wp\/v2\/media?parent=1129"}],"wp:term":[{"taxonomy":"category","embeddable":true,"href":"https:\/\/schweiz.blog\/sq\/wp-json\/wp\/v2\/categories?post=1129"},{"taxonomy":"post_tag","embeddable":true,"href":"https:\/\/schweiz.blog\/sq\/wp-json\/wp\/v2\/tags?post=1129"}],"curies":[{"name":"wp","href":"https:\/\/api.w.org\/{rel}","templated":true}]}}