{"id":1163,"date":"2025-12-28T13:21:02","date_gmt":"2025-12-28T12:21:02","guid":{"rendered":"https:\/\/schweiz.blog\/?p=1163"},"modified":"2026-03-19T14:20:09","modified_gmt":"2026-03-19T13:20:09","slug":"kantoni-i-urit-rajoni-alpin-tranziti-dhe-realiteti-i-ri","status":"publish","type":"post","link":"https:\/\/schweiz.blog\/sq\/kanton-uri-alpenraum-transit-und-neue-realitaet\/","title":{"rendered":"Kantoni i Urit \u2013 Rajoni alpin, tranziti dhe realiteti i ri"},"content":{"rendered":"<p class=\"wp-block-paragraph\">I\/E\/T\u00eb\/T\u00eb <strong><a href=\"https:\/\/schweiz.blog\/sq\/kategori\/kantoni-i-urit\/\" data-type=\"category\" data-id=\"3104\">Kantoni i Urit<\/a><\/strong> Uri \u00ebsht\u00eb nj\u00eb nga kantonet m\u00eb tradicionale n\u00eb Zvic\u00ebr. I vendosur n\u00eb zem\u00ebr t\u00eb Alpeve, kantoni ka qen\u00eb i lidhur ngusht\u00eb me trafikun tranzit dhe lidhjen midis veriut dhe jugut p\u00ebr shekuj me radh\u00eb.<\/p>\n\n\n\n<h3 class=\"wp-block-heading\">Tranziti si fat dhe mund\u00ebsi<\/h3>\n\n\n\n<p class=\"wp-block-paragraph\">Qafa e Gotthardit e form\u00ebson Urin m\u00eb shum\u00eb se \u00e7do rajon tjet\u00ebr. Trafiku rrugor dhe hekurudhor sjell p\u00ebrfitime ekonomike, por edhe zhurm\u00eb, ndotje mjedisore dhe var\u00ebsi.<\/p>\n\n\n\n<p class=\"wp-block-paragraph\">Uri jeton me:<\/p>\n\n\n\n<ul class=\"wp-block-list\">\n<li>Trafik p\u00ebrmes<\/li>\n\n\n\n<li>Projektet e infrastruktur\u00ebs<\/li>\n\n\n\n<li>sfidat q\u00eb lidhen me sigurin\u00eb<\/li>\n<\/ul>\n\n\n\n<p class=\"wp-block-paragraph\">N\u00eb t\u00eb nj\u00ebjt\u00ebn koh\u00eb, kantoni p\u00ebrfiton nga r\u00ebnd\u00ebsia dhe investimet komb\u00ebtare.<\/p>\n\n\n\n<h3 class=\"wp-block-heading\">Jeta n\u00eb jet\u00ebn e p\u00ebrditshme alpine<\/h3>\n\n\n\n<p class=\"wp-block-paragraph\">Uri \u00ebsht\u00eb rural, i menaxhuesh\u00ebm n\u00eb madh\u00ebsi dhe karakterizohet fuqish\u00ebm nga komuniteti. Komunat jan\u00eb t\u00eb vogla dhe rrjetet sociale jan\u00eb t\u00eb lidhura ngusht\u00eb. Jeta e p\u00ebrditshme varet m\u00eb shum\u00eb nga natyra, stin\u00ebt dhe strukturat rajonale sesa n\u00eb kantonet urbane.<\/p>\n\n\n\n<p class=\"wp-block-paragraph\">Strehimi \u00ebsht\u00eb relativisht i lir\u00eb, por vendet e pun\u00ebs jan\u00eb t\u00eb kufizuara.<\/p>\n\n\n\n<h3 class=\"wp-block-heading\">Struktura ekonomike<\/h3>\n\n\n\n<p class=\"wp-block-paragraph\">Turizmi, nd\u00ebrtimi, energjia dhe administrata publike dominojn\u00eb ekonomin\u00eb. Industria n\u00eb shkall\u00eb t\u00eb gjer\u00eb mungon kryesisht. Shum\u00eb banor\u00eb t\u00eb Urit udh\u00ebtojn\u00eb p\u00ebr n\u00eb kantone t\u00eb tjera.<\/p>\n\n\n\n<p class=\"wp-block-paragraph\">Kantoni po mb\u00ebshtetet gjithnj\u00eb e m\u00eb shum\u00eb n\u00eb:<\/p>\n\n\n\n<ul class=\"wp-block-list\">\n<li>turiz\u00ebm i q\u00ebndruesh\u00ebm<\/li>\n\n\n\n<li>krijimi i vler\u00ebs rajonale<\/li>\n\n\n\n<li>P\u00ebrdorimi i energjive t\u00eb rinovueshme<\/li>\n<\/ul>\n\n\n\n<h3 class=\"wp-block-heading\">Shoq\u00ebria dhe mentaliteti<\/h3>\n\n\n\n<p class=\"wp-block-paragraph\">Uri konsiderohet i thjesht\u00eb, i drejtp\u00ebrdrejt\u00eb dhe i zhytur n\u00eb tradit\u00eb. Ndryshimi nuk refuzohet, por merret n\u00eb konsiderat\u00eb me kujdes. Pavar\u00ebsia dhe p\u00ebrgjegj\u00ebsia lokale jan\u00eb vlera thelb\u00ebsore.<\/p>\n\n\n\n<h3 class=\"wp-block-heading\">Perspektivat e ardhshme<\/h3>\n\n\n\n<p class=\"wp-block-paragraph\">I\/E\/T\u00eb\/T\u00eb <a href=\"https:\/\/schweiz.blog\/sq\/kategori\/kantoni-i-urit\/\" data-type=\"category\" data-id=\"3104\">Kantoni i Urit<\/a> Uri p\u00ebrballet me sfid\u00ebn e nj\u00eb balancimi m\u00eb t\u00eb mir\u00eb t\u00eb rolit t\u00eb tij si rajon tranziti me cil\u00ebsin\u00eb e jet\u00ebs. N\u00ebse kjo ia del mban\u00eb, Uri do t\u00eb mbetet nj\u00eb hap\u00ebsir\u00eb e q\u00ebndrueshme alpine jetese me nj\u00eb identitet t\u00eb qart\u00eb.<\/p>\n\n\n\n<!-- schweiz.blog x schweiz.work -->\n<div style=\"  margin:56px 0;  padding:24px 28px;  border-left:3px solid #60a5fa;  background:rgba(255,255,255,0.02);  color:#e5e7eb;  font-family:system-ui,sans-serif;\">\n  <p style=\"margin:0 0 12px 0; font-size:15px; line-height:1.7;\">\n    P\u00ebrve\u00e7 k\u00ebtij blogu, ne gjithashtu drejtojm\u00eb <strong>zvic\u00ebr.pun\u00eb<\/strong>  \n    nj\u00eb platform\u00eb p\u00ebr sh\u00ebrbime n\u00eb Zvic\u00ebr.\n  <\/p>\n\n  <p style=\"margin:0; font-size:15px;\">\n    <a href=\"https:\/\/schweiz.work\/?ref=schweizblog\" style=\"color:#93c5fd; font-weight:500; text-decoration:none;\" target=\"_blank\" rel=\"noopener\">\n      1 reklam\u00eb aktualisht falas p\u00ebr 30 dit\u00eb \u2192\n    <\/a>\n  <\/p>\n<\/div>\n<!-- \/schweiz.blog x schweiz.work -->","protected":false},"excerpt":{"rendered":"Kantoni i Urit \u00ebsht\u00eb nj\u00eb nga kantonet m\u00eb tradicionale n\u00eb Zvic\u00ebr. Kantoni i Urit shtrihet n\u00eb zem\u00ebr t\u00eb Alpeve\u2026","protected":false},"author":274216737,"featured_media":1166,"comment_status":"open","ping_status":"open","sticky":false,"template":"","format":"standard","meta":{"_crdt_document":"","_jetpack_newsletter_access":"","_jetpack_dont_email_post_to_subs":true,"_jetpack_newsletter_tier_id":0,"_jetpack_memberships_contains_paywalled_content":false,"csco_display_header_overlay":false,"csco_singular_sidebar":"","csco_page_header_type":"","csco_page_load_nextpost":"","csco_page_reading_time":"","csco_page_toc_navigation":"","csco_post_video_location":[],"csco_post_video_location_hash":"","csco_post_video_url":"","csco_post_video_bg_start_time":0,"csco_post_video_bg_end_time":0,"csco_post_video_bg_volume":false,"_jetpack_memberships_contains_paid_content":false,"footnotes":"","jetpack_post_was_ever_published":false},"categories":[3104],"tags":[3237,3236,3238,3240,3241,3239],"class_list":{"0":"post-1163","1":"post","2":"type-post","3":"status-publish","4":"format-standard","5":"has-post-thumbnail","7":"category-kanton-uri","8":"tag-kanton-uri","9":"tag-leben-im-kanton-uri","10":"tag-uri-alpenraum","11":"tag-uri-gesellschaft","12":"tag-uri-gotthard","13":"tag-uri-wirtschaft","14":"cs-entry","15":"cs-video-wrap"},"jetpack_featured_media_url":"https:\/\/i0.wp.com\/schweiz.blog\/wp-content\/uploads\/2025\/12\/20251228_1319_Kanton-Uri-Alpenlandschaft_simple_compose_01kdjebhyre7db1914zyqm7c9s.png?fit=1536%2C1024&ssl=1","jetpack_sharing_enabled":true,"jetpack_shortlink":"https:\/\/wp.me\/pgWLwP-iL","_links":{"self":[{"href":"https:\/\/schweiz.blog\/sq\/wp-json\/wp\/v2\/posts\/1163","targetHints":{"allow":["GET"]}}],"collection":[{"href":"https:\/\/schweiz.blog\/sq\/wp-json\/wp\/v2\/posts"}],"about":[{"href":"https:\/\/schweiz.blog\/sq\/wp-json\/wp\/v2\/types\/post"}],"author":[{"embeddable":true,"href":"https:\/\/schweiz.blog\/sq\/wp-json\/wp\/v2\/users\/274216737"}],"replies":[{"embeddable":true,"href":"https:\/\/schweiz.blog\/sq\/wp-json\/wp\/v2\/comments?post=1163"}],"version-history":[{"count":2,"href":"https:\/\/schweiz.blog\/sq\/wp-json\/wp\/v2\/posts\/1163\/revisions"}],"predecessor-version":[{"id":1167,"href":"https:\/\/schweiz.blog\/sq\/wp-json\/wp\/v2\/posts\/1163\/revisions\/1167"}],"wp:featuredmedia":[{"embeddable":true,"href":"https:\/\/schweiz.blog\/sq\/wp-json\/wp\/v2\/media\/1166"}],"wp:attachment":[{"href":"https:\/\/schweiz.blog\/sq\/wp-json\/wp\/v2\/media?parent=1163"}],"wp:term":[{"taxonomy":"category","embeddable":true,"href":"https:\/\/schweiz.blog\/sq\/wp-json\/wp\/v2\/categories?post=1163"},{"taxonomy":"post_tag","embeddable":true,"href":"https:\/\/schweiz.blog\/sq\/wp-json\/wp\/v2\/tags?post=1163"}],"curies":[{"name":"wp","href":"https:\/\/api.w.org\/{rel}","templated":true}]}}