{"id":1229,"date":"2025-12-28T15:23:06","date_gmt":"2025-12-28T14:23:06","guid":{"rendered":"https:\/\/schweiz.blog\/?p=1229"},"modified":"2026-03-19T14:19:58","modified_gmt":"2026-03-19T13:19:58","slug":"kantoni-thurgau-10-fakte-kryesore-rreth-rajoneve-dhe-vecorive-te-vecanta","status":"publish","type":"post","link":"https:\/\/schweiz.blog\/sq\/kanton-thurgau-top-10-fakten-regionen-und-besonderheiten\/","title":{"rendered":"Kantoni Thurgau \u2013 10 faktet kryesore, rajonet dhe ve\u00e7orit\u00eb e ve\u00e7anta"},"content":{"rendered":"<p class=\"wp-block-paragraph\">I\/E\/T\u00eb\/T\u00eb <strong><a href=\"https:\/\/schweiz.blog\/sq\/kategori\/kantoni-i-thurgau-se\/\" data-type=\"category\" data-id=\"3120\">Kantoni Thurgau<\/a><\/strong> Thurgau \u00ebsht\u00eb nj\u00eb nga kantonet m\u00eb t\u00eb qeta, por n\u00eb rritje, n\u00eb Zvic\u00ebr. \u00cbsht\u00eb i njohur p\u00ebr bujq\u00ebsin\u00eb, af\u00ebrsin\u00eb me Liqenin e Konstanc\u00ebs dhe atraktivitetin n\u00eb rritje si vend p\u00ebr t\u00eb jetuar.<\/p>\n\n\n\n<h3 class=\"wp-block-heading\">10 m\u00eb t\u00eb mir\u00ebt me nj\u00eb shikim<\/h3>\n\n\n\n<p class=\"wp-block-paragraph\"><strong>1. Qendra Bujq\u00ebsore<\/strong><br>Thurgau \u00ebsht\u00eb nj\u00eb nga kantonet m\u00eb t\u00eb r\u00ebnd\u00ebsishme bujq\u00ebsore, ve\u00e7an\u00ebrisht n\u00eb kultivimin e frutave.<\/p>\n\n\n\n<p class=\"wp-block-paragraph\"><strong>2. Liqeni i Konstanc\u00ebs si faktor vendndodhjeje<\/strong><br>Turizmi, rekreacioni dhe identiteti rajonal.<\/p>\n\n\n\n<p class=\"wp-block-paragraph\"><strong>3. Kanton t\u00ebrheq\u00ebs p\u00ebr t\u00eb jetuar<\/strong><br>Shum\u00eb po zhvendosen nga qendrat m\u00eb t\u00eb shtrenjta n\u00eb Thurgau.<\/p>\n\n\n\n<p class=\"wp-block-paragraph\"><strong>4. Af\u00ebrsia me Gjermanin\u00eb<\/strong><br>Vendndodhja kufitare form\u00ebson ekonomin\u00eb dhe jet\u00ebn e p\u00ebrditshme.<\/p>\n\n\n\n<p class=\"wp-block-paragraph\"><strong>5. Qytete me funksione, jo aktivitet t\u00eb ngjeshur<\/strong><br>Frauenfeld, Kreuzlingen dhe Weinfelden mbeten t\u00eb menaxhueshme n\u00eb madh\u00ebsi.<\/p>\n\n\n\n<p class=\"wp-block-paragraph\"><strong>6. Lidhje t\u00eb mira transporti<\/strong><br>Hekurudha dhe rruga lidhin n\u00eb m\u00ebnyr\u00eb efikase kantonin.<\/p>\n\n\n\n<p class=\"wp-block-paragraph\"><strong>7. Struktur\u00eb e fort\u00eb e nd\u00ebrmarrjeve t\u00eb vogla dhe t\u00eb mesme<\/strong><br>Tregtia, tregtia dhe sh\u00ebrbimet rajonale.<\/p>\n\n\n\n<p class=\"wp-block-paragraph\"><strong>8. Cil\u00ebsi e lart\u00eb jetese<\/strong><br>I qet\u00eb, af\u00ebr natyr\u00ebs dhe relativisht i lir\u00eb.<\/p>\n\n\n\n<p class=\"wp-block-paragraph\"><strong>9. Mentalitet i thjesht\u00eb<\/strong><br>Pragmatik, bashk\u00ebpunues dhe jo shum\u00eb ideologjik.<\/p>\n\n\n\n<p class=\"wp-block-paragraph\"><strong>10. Turiz\u00ebm i Q\u00ebndruesh\u00ebm<\/strong><br>M\u00eb pak turiz\u00ebm masiv, m\u00eb shum\u00eb rekreacion lokal.<\/p>\n\n\n\n<h3 class=\"wp-block-heading\">Pse k\u00ebto 10 m\u00eb t\u00eb mirat jan\u00eb t\u00eb r\u00ebnd\u00ebsishme n\u00eb planin afatgjat\u00eb<\/h3>\n\n\n\n<p class=\"wp-block-paragraph\">Kantoni i Thurgau-t po rritet ngadal\u00eb, por vazhdimisht. \u00cbsht\u00eb pik\u00ebrisht kjo natyr\u00eb e qet\u00eb q\u00eb e b\u00ebn at\u00eb t\u00ebrheq\u00ebs.<\/p>\n\n\n\n<!-- schweiz.blog x schweiz.work -->\n<div style=\"  margin:56px 0;  padding:24px 28px;  border-left:3px solid #60a5fa;  background:rgba(255,255,255,0.02);  color:#e5e7eb;  font-family:system-ui,sans-serif;\">\n  <p style=\"margin:0 0 12px 0; font-size:15px; line-height:1.7;\">\n    P\u00ebrve\u00e7 k\u00ebtij blogu, ne gjithashtu drejtojm\u00eb <strong>zvic\u00ebr.pun\u00eb<\/strong>  \n    nj\u00eb platform\u00eb p\u00ebr sh\u00ebrbime n\u00eb Zvic\u00ebr.\n  <\/p>\n\n  <p style=\"margin:0; font-size:15px;\">\n    <a href=\"https:\/\/schweiz.work\/?ref=schweizblog\" style=\"color:#93c5fd; font-weight:500; text-decoration:none;\" target=\"_blank\" rel=\"noopener\">\n      1 reklam\u00eb aktualisht falas p\u00ebr 30 dit\u00eb \u2192\n    <\/a>\n  <\/p>\n<\/div>\n<!-- \/schweiz.blog x schweiz.work -->","protected":false},"excerpt":{"rendered":"Der Kanton Thurgau geh\u00f6rt zu den ruhigeren, aber wachsenden Kantonen der Schweiz. Der Kanton Thurgau steht f\u00fcr Landwirtschaft,&hellip;","protected":false},"author":274216737,"featured_media":1232,"comment_status":"open","ping_status":"open","sticky":false,"template":"","format":"standard","meta":{"_crdt_document":"","_jetpack_newsletter_access":"","_jetpack_dont_email_post_to_subs":true,"_jetpack_newsletter_tier_id":0,"_jetpack_memberships_contains_paywalled_content":false,"csco_display_header_overlay":false,"csco_singular_sidebar":"","csco_page_header_type":"","csco_page_load_nextpost":"","csco_page_reading_time":"","csco_page_toc_navigation":"","csco_post_video_location":[],"csco_post_video_location_hash":"","csco_post_video_url":"","csco_post_video_bg_start_time":0,"csco_post_video_bg_end_time":0,"csco_post_video_bg_volume":false,"_jetpack_memberships_contains_paid_content":false,"footnotes":"","jetpack_post_was_ever_published":false},"categories":[3120],"tags":[3313,3159,3161,3312,3314,3311],"class_list":{"0":"post-1229","1":"post","2":"type-post","3":"status-publish","4":"format-standard","5":"has-post-thumbnail","7":"category-kanton-thurgau","8":"tag-bodensee-thurgau","9":"tag-kanton-thurgau","10":"tag-leben-im-kanton-thurgau","11":"tag-thurgau-besonderheiten","12":"tag-thurgau-fakten","13":"tag-top-10-kanton-thurgau","14":"cs-entry","15":"cs-video-wrap"},"jetpack_featured_media_url":"https:\/\/i0.wp.com\/schweiz.blog\/wp-content\/uploads\/2025\/12\/20251228_1521_Kanton-Thurgau-Highlights_simple_compose_01kdjnbpkwfdr8zv48emah7e1h.png?fit=1536%2C1024&ssl=1","jetpack_sharing_enabled":true,"jetpack_shortlink":"https:\/\/wp.me\/pgWLwP-jP","_links":{"self":[{"href":"https:\/\/schweiz.blog\/sq\/wp-json\/wp\/v2\/posts\/1229","targetHints":{"allow":["GET"]}}],"collection":[{"href":"https:\/\/schweiz.blog\/sq\/wp-json\/wp\/v2\/posts"}],"about":[{"href":"https:\/\/schweiz.blog\/sq\/wp-json\/wp\/v2\/types\/post"}],"author":[{"embeddable":true,"href":"https:\/\/schweiz.blog\/sq\/wp-json\/wp\/v2\/users\/274216737"}],"replies":[{"embeddable":true,"href":"https:\/\/schweiz.blog\/sq\/wp-json\/wp\/v2\/comments?post=1229"}],"version-history":[{"count":3,"href":"https:\/\/schweiz.blog\/sq\/wp-json\/wp\/v2\/posts\/1229\/revisions"}],"predecessor-version":[{"id":1234,"href":"https:\/\/schweiz.blog\/sq\/wp-json\/wp\/v2\/posts\/1229\/revisions\/1234"}],"wp:featuredmedia":[{"embeddable":true,"href":"https:\/\/schweiz.blog\/sq\/wp-json\/wp\/v2\/media\/1232"}],"wp:attachment":[{"href":"https:\/\/schweiz.blog\/sq\/wp-json\/wp\/v2\/media?parent=1229"}],"wp:term":[{"taxonomy":"category","embeddable":true,"href":"https:\/\/schweiz.blog\/sq\/wp-json\/wp\/v2\/categories?post=1229"},{"taxonomy":"post_tag","embeddable":true,"href":"https:\/\/schweiz.blog\/sq\/wp-json\/wp\/v2\/tags?post=1229"}],"curies":[{"name":"wp","href":"https:\/\/api.w.org\/{rel}","templated":true}]}}