{"id":780,"date":"2025-11-28T16:39:46","date_gmt":"2025-11-28T15:39:46","guid":{"rendered":"https:\/\/schweiz.blog\/?p=780"},"modified":"2025-11-28T16:39:47","modified_gmt":"2025-11-28T15:39:47","slug":"aktivitete-dimerore-te-kohes-se-lire-ne-zvicer","status":"publish","type":"post","link":"https:\/\/schweiz.blog\/sq\/winterfreizeit-schweiz-aktivitaeten\/","title":{"rendered":"Aktivitetet e koh\u00ebs s\u00eb lir\u00eb dim\u00ebrore n\u00eb Zvic\u00ebr: Aktivitetet m\u00eb t\u00eb mira p\u00ebr sezonin e ftoht\u00eb"},"content":{"rendered":"<p class=\"wp-block-paragraph\">Dimri zviceran ofron aktivitete t\u00eb panum\u00ebrta arg\u00ebtimi - nga rr\u00ebshqitja me saj\u00eb dhe ecja me k\u00ebpuc\u00eb d\u00ebbore deri te banjot termale. Infrastruktura \u00ebsht\u00eb e shk\u00eblqyer dhe shum\u00eb rajone jan\u00eb leht\u00ebsisht t\u00eb arritshme me transport publik. Ky artikull paraqet aktivitetet m\u00eb t\u00eb njohura dim\u00ebrore dhe liston faqet zyrtare t\u00eb internetit p\u00ebr secil\u00ebn.<\/p>\n\n\n\n<h2 class=\"wp-block-heading\">Slit\u00eb: zbritje t\u00eb shpejta p\u00ebr t\u00eb gjith\u00eb familjen<\/h2>\n\n\n\n<h3 class=\"wp-block-heading\">Preda\u2013Berg\u00fcn (Graub\u00fcnden)<\/h3>\n\n\n\n<p class=\"wp-block-paragraph\">Nj\u00eb nga pistat m\u00eb t\u00eb famshme t\u00eb rr\u00ebshqitjes me slit\u00eb n\u00eb Zvic\u00ebr.<br>Uebfaqja zyrtare: <a href=\"https:\/\/www.berguen-filisur.ch\" target=\"_blank\" rel=\"noopener\">https:\/\/www.berguen-filisur.ch<\/a><\/p>\n\n\n\n<h3 class=\"wp-block-heading\">Grindelwald \u2013 Faulhorn (Bern)<\/h3>\n\n\n\n<p class=\"wp-block-paragraph\">Pist\u00eb rr\u00ebshqit\u00ebse m\u00eb e gjat\u00eb n\u00eb Evrop\u00eb.<br>Uebfaqja zyrtare: <a href=\"https:\/\/www.jungfrau.ch\" target=\"_blank\" rel=\"noopener\">https:\/\/www.jungfrau.ch<\/a><\/p>\n\n\n\n<h3 class=\"wp-block-heading\">Engelberg \u2013 F\u00fcrenalp (Obwalden)<\/h3>\n\n\n\n<p class=\"wp-block-paragraph\">Slit\u00eb p\u00ebr n\u00eb plazh, t\u00eb p\u00ebrshtatshme p\u00ebr familje, n\u00eb nj\u00eb mjedis malor mbres\u00ebl\u00ebn\u00ebs.<br>Uebfaqja zyrtare: <a href=\"https:\/\/www.engelberg.ch\" target=\"_blank\" rel=\"noopener\">https:\/\/www.engelberg.ch<\/a><\/p>\n\n\n\n<hr class=\"wp-block-separator has-alpha-channel-opacity\"\/>\n\n\n\n<h2 class=\"wp-block-heading\">Ecje me k\u00ebpuc\u00eb d\u00ebbore: ture paq\u00ebsore n\u00ebp\u00ebr peizazhin dim\u00ebror<\/h2>\n\n\n\n<h3 class=\"wp-block-heading\">Arosa (Graub\u00fcnden)<\/h3>\n\n\n\n<p class=\"wp-block-paragraph\">Shtigje t\u00eb larmishme n\u00ebp\u00ebr pyje dhe shtigje n\u00eb lart\u00ebsi t\u00eb m\u00ebdha.<br>Uebfaqja zyrtare: <a><a href=\"https:\/\/www.arosa.swiss\" rel=\"nofollow\">https:\/\/www.arosa.swiss<\/a><\/a><\/p>\n\n\n\n<h3 class=\"wp-block-heading\">Stoos (Schwyz)<\/h3>\n\n\n\n<p class=\"wp-block-paragraph\">Shtigje panoramike me k\u00ebpuc\u00eb d\u00ebbore me pamje t\u00eb Liqenit t\u00eb Lucern\u00ebs.<br>Uebfaqja zyrtare: <a href=\"https:\/\/www.stoos.ch\" target=\"_blank\" rel=\"noopener\">https:\/\/www.stoos.ch<\/a><\/p>\n\n\n\n<h3 class=\"wp-block-heading\">Gstaad (Bern)<\/h3>\n\n\n\n<p class=\"wp-block-paragraph\">Rrug\u00eb p\u00ebr fillestar\u00eb dhe alpinist\u00eb t\u00eb p\u00ebrparuar.<br>Uebfaqja zyrtare: <a href=\"https:\/\/www.gstaad.ch\" target=\"_blank\" rel=\"noopener\">https:\/\/www.gstaad.ch<\/a><\/p>\n\n\n\n<hr class=\"wp-block-separator has-alpha-channel-opacity\"\/>\n\n\n\n<h2 class=\"wp-block-heading\">Sh\u00ebtitje dim\u00ebrore: pa ski, por me pamje<\/h2>\n\n\n\n<h3 class=\"wp-block-heading\">Rigi (Zvicra Qendrore)<\/h3>\n\n\n\n<p class=\"wp-block-paragraph\">Shtigje dim\u00ebrore p\u00ebr ecje t\u00eb mira me pamje nga liqeni.<br>Uebfaqja zyrtare: <a href=\"https:\/\/www.rigi.ch\" target=\"_blank\" rel=\"noopener\">https:\/\/www.rigi.ch<\/a><\/p>\n\n\n\n<h3 class=\"wp-block-heading\">Davos Klosters<\/h3>\n\n\n\n<p class=\"wp-block-paragraph\">Nj\u00eb nga rajonet m\u00eb t\u00eb bukura t\u00eb ecjes dim\u00ebrore n\u00eb Zvic\u00ebr.<br>Uebfaqja zyrtare: <a href=\"https:\/\/www.davos.ch\" target=\"_blank\" rel=\"noopener\">https:\/\/www.davos.ch<\/a><\/p>\n\n\n\n<h3 class=\"wp-block-heading\">Bettmeralp \u2013 Rajoni Aletsch<\/h3>\n\n\n\n<p class=\"wp-block-paragraph\">Shtigje dim\u00ebrore p\u00ebr ecje me pamje nga akullnaja Aletsch.<br>Uebfaqja zyrtare: <a href=\"https:\/\/www.aletscharena.ch\" target=\"_blank\" rel=\"noopener\">https:\/\/www.aletscharena.ch<\/a><\/p>\n\n\n\n<hr class=\"wp-block-separator has-alpha-channel-opacity\"\/>\n\n\n\n<h2 class=\"wp-block-heading\">Banja termale: Relaks n\u00eb dim\u00ebr<\/h2>\n\n\n\n<h3 class=\"wp-block-heading\">Therme Vals<\/h3>\n\n\n\n<p class=\"wp-block-paragraph\">Arkitektur\u00eb dhe mir\u00ebqenie n\u00eb nj\u00eb nivel bot\u00ebror.<br>Uebfaqja zyrtare: <a href=\"https:\/\/www.therme-vals.ch\" target=\"_blank\" rel=\"noopener\">https:\/\/www.therme-vals.ch<\/a><\/p>\n\n\n\n<h3 class=\"wp-block-heading\">Bains de Lavey<\/h3>\n\n\n\n<p class=\"wp-block-paragraph\">Burimet termale m\u00eb t\u00eb ngrohta n\u00eb Zvic\u00ebr.<br>Uebfaqja zyrtare: <a href=\"https:\/\/www.lavey-les-bains.ch\" target=\"_blank\" rel=\"noopener\">https:\/\/www.lavey-les-bains.ch<\/a><\/p>\n\n\n\n<h3 class=\"wp-block-heading\">Baden \u2013 Dyzet e shtat\u00eb<\/h3>\n\n\n\n<p class=\"wp-block-paragraph\">Banja termale e re nga Mario Botta.<br>Uebfaqja zyrtare: <a href=\"https:\/\/www.fortyseven.ch\" target=\"_blank\" rel=\"noopener\">https:\/\/www.fortyseven.ch<\/a><\/p>\n\n\n\n<hr class=\"wp-block-separator has-alpha-channel-opacity\"\/>\n\n\n\n<h2 class=\"wp-block-heading\">Patinazh n\u00eb akull: pista t\u00eb hapura dhe pista artificiale t\u00eb akullit<\/h2>\n\n\n\n<h3 class=\"wp-block-heading\">Pist\u00eb akulli Dolder (Cyrih)<\/h3>\n\n\n\n<p class=\"wp-block-paragraph\">Pist\u00eb akulli e madhe n\u00eb natyr\u00eb, e vendosur bukur.<br>Uebfaqja zyrtare: <a href=\"https:\/\/www.doldersports.com\" target=\"_blank\" rel=\"noopener\">https:\/\/www.doldersports.com<\/a><\/p>\n\n\n\n<h3 class=\"wp-block-heading\">Pist\u00eb akulli n\u00eb Davos<\/h3>\n\n\n\n<p class=\"wp-block-paragraph\">I njohur p\u00ebr madh\u00ebsin\u00eb dhe kujdesin e p\u00ebrsosur.<br>Uebfaqja zyrtare: <a href=\"https:\/\/www.davos.ch\" target=\"_blank\" rel=\"noopener\">https:\/\/www.davos.ch<\/a><\/p>\n\n\n\n<h3 class=\"wp-block-heading\">Bundesplatz Bern \u2013 Magjia e Akullit<\/h3>\n\n\n\n<p class=\"wp-block-paragraph\">Pist\u00eb akulli sezonale n\u00eb zem\u00ebr t\u00eb qytetit.<br>Uebfaqja zyrtare: <a><a href=\"https:\/\/www.bern.com\" rel=\"nofollow\">https:\/\/www.bern.com<\/a><\/a><\/p>\n\n\n\n<hr class=\"wp-block-separator has-alpha-channel-opacity\"\/>\n\n\n\n<h2 class=\"wp-block-heading\">P\u00ebrfundim<\/h2>\n\n\n\n<p class=\"wp-block-paragraph\">Dimri n\u00eb Zvic\u00ebr ofron nj\u00eb gam\u00eb t\u00eb gjer\u00eb aktivitetesh arg\u00ebtuese, shpate t\u00eb kuruara n\u00eb m\u00ebnyr\u00eb t\u00eb shk\u00eblqyer dhe peizazhe marramend\u00ebse. Nga pistat e shpejta t\u00eb rr\u00ebshqitjes dhe ecjet e qeta me k\u00ebpuc\u00eb d\u00ebbore deri te banjot termale relaksuese - ka nga di\u00e7ka p\u00ebr t\u00eb gjith\u00eb.<\/p>","protected":false},"excerpt":{"rendered":"Der Schweizer Winter bietet unz\u00e4hlige Freizeitm\u00f6glichkeiten \u2013 von Schlitteln \u00fcber Schneeschuhwandern bis hin zu Thermalb\u00e4dern. Die Infrastruktur ist&hellip;","protected":false},"author":274216737,"featured_media":784,"comment_status":"open","ping_status":"open","sticky":false,"template":"","format":"standard","meta":{"_crdt_document":"","_jetpack_newsletter_access":"","_jetpack_dont_email_post_to_subs":true,"_jetpack_newsletter_tier_id":0,"_jetpack_memberships_contains_paywalled_content":false,"csco_display_header_overlay":false,"csco_singular_sidebar":"","csco_page_header_type":"","csco_page_load_nextpost":"","csco_page_reading_time":"","csco_page_toc_navigation":"","csco_post_video_location":[],"csco_post_video_location_hash":"","csco_post_video_url":"","csco_post_video_bg_start_time":0,"csco_post_video_bg_end_time":0,"csco_post_video_bg_volume":false,"_jetpack_memberships_contains_paid_content":false,"footnotes":"","jetpack_post_was_ever_published":false},"categories":[2723,2724],"tags":[2909,2910,2908,2907],"class_list":{"0":"post-780","1":"post","2":"type-post","3":"status-publish","4":"format-standard","5":"has-post-thumbnail","7":"category-schweiz","8":"category-alltag","9":"tag-schweiz-winter-aktivitaeten","10":"tag-schweiz-wintertipps","11":"tag-winterausflug-schweiz","12":"tag-winterfreizeit-schweiz","13":"cs-entry","14":"cs-video-wrap"},"jetpack_featured_media_url":"https:\/\/i0.wp.com\/schweiz.blog\/wp-content\/uploads\/2025\/11\/20251128_1624_Winteraktivitaeten-Schweiz_simple_compose_01kb5gyaqff6crq61cvw88q4hm.png?fit=1536%2C1024&ssl=1","jetpack_sharing_enabled":true,"jetpack_shortlink":"https:\/\/wp.me\/pgWLwP-cA","_links":{"self":[{"href":"https:\/\/schweiz.blog\/sq\/wp-json\/wp\/v2\/posts\/780","targetHints":{"allow":["GET"]}}],"collection":[{"href":"https:\/\/schweiz.blog\/sq\/wp-json\/wp\/v2\/posts"}],"about":[{"href":"https:\/\/schweiz.blog\/sq\/wp-json\/wp\/v2\/types\/post"}],"author":[{"embeddable":true,"href":"https:\/\/schweiz.blog\/sq\/wp-json\/wp\/v2\/users\/274216737"}],"replies":[{"embeddable":true,"href":"https:\/\/schweiz.blog\/sq\/wp-json\/wp\/v2\/comments?post=780"}],"version-history":[{"count":2,"href":"https:\/\/schweiz.blog\/sq\/wp-json\/wp\/v2\/posts\/780\/revisions"}],"predecessor-version":[{"id":786,"href":"https:\/\/schweiz.blog\/sq\/wp-json\/wp\/v2\/posts\/780\/revisions\/786"}],"wp:featuredmedia":[{"embeddable":true,"href":"https:\/\/schweiz.blog\/sq\/wp-json\/wp\/v2\/media\/784"}],"wp:attachment":[{"href":"https:\/\/schweiz.blog\/sq\/wp-json\/wp\/v2\/media?parent=780"}],"wp:term":[{"taxonomy":"category","embeddable":true,"href":"https:\/\/schweiz.blog\/sq\/wp-json\/wp\/v2\/categories?post=780"},{"taxonomy":"post_tag","embeddable":true,"href":"https:\/\/schweiz.blog\/sq\/wp-json\/wp\/v2\/tags?post=780"}],"curies":[{"name":"wp","href":"https:\/\/api.w.org\/{rel}","templated":true}]}}