{"id":1134,"date":"2025-12-28T13:03:46","date_gmt":"2025-12-28T12:03:46","guid":{"rendered":"https:\/\/schweiz.blog\/?p=1134"},"modified":"2026-03-19T14:20:14","modified_gmt":"2026-03-19T13:20:14","slug":"kanton-schwyz-tradition-tillvaext-och-ny-dynamik","status":"publish","type":"post","link":"https:\/\/schweiz.blog\/sv\/kanton-schwyz-tradition-wachstum-und-neue-dynamik\/","title":{"rendered":"Kanton Schwyz \u2013 Tradition, tillv\u00e4xt och ny dynamik"},"content":{"rendered":"<p class=\"wp-block-paragraph\">De <strong><a href=\"https:\/\/schweiz.blog\/sv\/kategori\/kantonen-schwyz\/\" data-type=\"category\" data-id=\"3105\">Kantonen Schwyz<\/a><\/strong> Den har en s\u00e4rskild historisk betydelse. Kantonen Schwyz anses vara Schweiziska edsf\u00f6rbundets vagga och kombinerar \u00e4n idag starka traditioner med modern tillv\u00e4xtdynamik.<\/p>\n\n\n\n<h3 class=\"wp-block-heading\">Livet mellan historia och nutid<\/h3>\n\n\n\n<p class=\"wp-block-paragraph\">Schwyz \u00e4r \u00f6verv\u00e4gande landsbygd, men ekonomiskt attraktivt. M\u00e5nga kommuner har utvecklats avsev\u00e4rt under senare \u00e5r, inte minst tack vare:<\/p>\n\n\n\n<ul class=\"wp-block-list\">\n<li>Immigration fr\u00e5n andra kantoner<\/li>\n\n\n\n<li>N\u00e4ra Z\u00fcrich och Zug<\/li>\n\n\n\n<li>attraktiva skattevillkor<\/li>\n<\/ul>\n\n\n\n<p class=\"wp-block-paragraph\">Denna utveckling f\u00f6r\u00e4ndrar kantonens ansikte m\u00e4rkbart.<\/p>\n\n\n\n<h3 class=\"wp-block-heading\">Ekonomisk struktur<\/h3>\n\n\n\n<p class=\"wp-block-paragraph\">De <a href=\"https:\/\/schweiz.blog\/sv\/kategori\/kantonen-schwyz\/\" data-type=\"category\" data-id=\"3105\">Kantonen Schwyz<\/a> Schwyz \u00e4r inte en traditionell industrikanton. Sm\u00e5 och medelstora f\u00f6retag, tj\u00e4nstef\u00f6retag, byggbranschen och i allt h\u00f6gre grad teknikorienterade f\u00f6retag formar ekonomin. M\u00e5nga inv\u00e5nare arbetar utanf\u00f6r kantonen, vilket g\u00f6r Schwyz till en popul\u00e4r bostadskanton.<\/p>\n\n\n\n<h3 class=\"wp-block-heading\">Samh\u00e4lle och v\u00e4rderingar<\/h3>\n\n\n\n<p class=\"wp-block-paragraph\">Traditionella v\u00e4rderingar spelar en stor roll. Klubbar, lokala festivaler och kyrkliga strukturer finns. Samtidigt \u00f6kar den sociala m\u00e5ngfalden, vilket v\u00e4cker nya diskussioner.<\/p>\n\n\n\n<p class=\"wp-block-paragraph\">Politiskt sett anses Schwyz vara konservativ, med ett starkt fokus p\u00e5 personligt ansvar och kommunalt sj\u00e4lvstyre.<\/p>\n\n\n\n<h3 class=\"wp-block-heading\">Natur och livskvalitet<\/h3>\n\n\n\n<p class=\"wp-block-paragraph\">Berg, sj\u00f6ar och vidstr\u00e4ckta landskap formar vardagen. F\u00f6r m\u00e5nga m\u00e4nniskor \u00e4r n\u00e4rheten till naturen den fr\u00e4msta anledningen till att bo i kantonen Schwyz. Samtidigt \u00f6kar trycket p\u00e5 utrymme och infrastruktur.<\/p>\n\n\n\n<h3 class=\"wp-block-heading\">Fram\u00e5tblickande<\/h3>\n\n\n\n<p class=\"wp-block-paragraph\">De <a href=\"https:\/\/schweiz.blog\/sv\/kategori\/kantonen-schwyz\/\" data-type=\"category\" data-id=\"3105\">Kantonen Schwyz<\/a> Kantonen st\u00e5r inf\u00f6r en balansg\u00e5ng: att till\u00e5ta tillv\u00e4xt utan att f\u00f6rlora sin egen identitet. Hur v\u00e4l den lyckas kommer att avg\u00f6ra dess attraktivitet.<\/p>\n\n\n\n<!-- schweiz.blog x schweiz.work -->\n<div style=\"  margin:56px 0;  padding:24px 28px;  border-left:3px solid #60a5fa;  background:rgba(255,255,255,0.02);  color:#e5e7eb;  font-family:system-ui,sans-serif;\">\n  <p style=\"margin:0 0 12px 0; font-size:15px; line-height:1.7;\">\n    Ut\u00f6ver denna blogg driver vi \u00e4ven <strong>schweiz.work<\/strong>  \n    en plattform f\u00f6r tj\u00e4nster i Schweiz.\n  <\/p>\n\n  <p style=\"margin:0; font-size:15px;\">\n    <a href=\"https:\/\/schweiz.work\/?ref=schweizblog\" style=\"color:#93c5fd; font-weight:500; text-decoration:none;\" target=\"_blank\" rel=\"noopener\">\n      1 aktuell annons kostnadsfritt i 30 dagar\n    <\/a>\n  <\/p>\n<\/div>\n<!-- \/schweiz.blog x schweiz.work -->","protected":false},"excerpt":{"rendered":"Der Kanton Schwyz hat eine besondere historische Bedeutung. Der Kanton Schwyz gilt als Wiege der Eidgenossenschaft und verbindet&hellip;","protected":false},"author":274216737,"featured_media":1131,"comment_status":"open","ping_status":"open","sticky":false,"template":"","format":"standard","meta":{"_crdt_document":"","_jetpack_newsletter_access":"","_jetpack_dont_email_post_to_subs":true,"_jetpack_newsletter_tier_id":0,"_jetpack_memberships_contains_paywalled_content":false,"csco_display_header_overlay":false,"csco_singular_sidebar":"","csco_page_header_type":"","csco_page_load_nextpost":"","csco_page_reading_time":"","csco_page_toc_navigation":"","csco_post_video_location":[],"csco_post_video_location_hash":"","csco_post_video_url":"","csco_post_video_bg_start_time":0,"csco_post_video_bg_end_time":0,"csco_post_video_bg_volume":false,"_jetpack_memberships_contains_paid_content":false,"footnotes":"","jetpack_post_was_ever_published":false},"categories":[3105],"tags":[3197,3194,3195,3196,3199,3198],"class_list":{"0":"post-1134","1":"post","2":"type-post","3":"status-publish","4":"format-standard","5":"has-post-thumbnail","7":"category-kanton-schwyz","8":"tag-kanton-schwyz","9":"tag-leben-im-kanton-schwyz","10":"tag-schwyz-gesellschaft","11":"tag-schwyz-tradition","12":"tag-schwyz-wirtschaft","13":"tag-wohnen-schwyz","14":"cs-entry","15":"cs-video-wrap"},"jetpack_featured_media_url":"https:\/\/i0.wp.com\/schweiz.blog\/wp-content\/uploads\/2025\/12\/20251228_1258_Kanton-Schwyz-Dynamik_simple_compose_01kdjd601mekf85krbk9k5bg3w.png?fit=1536%2C1024&ssl=1","jetpack_sharing_enabled":true,"jetpack_shortlink":"https:\/\/wp.me\/pgWLwP-ii","_links":{"self":[{"href":"https:\/\/schweiz.blog\/sv\/wp-json\/wp\/v2\/posts\/1134","targetHints":{"allow":["GET"]}}],"collection":[{"href":"https:\/\/schweiz.blog\/sv\/wp-json\/wp\/v2\/posts"}],"about":[{"href":"https:\/\/schweiz.blog\/sv\/wp-json\/wp\/v2\/types\/post"}],"author":[{"embeddable":true,"href":"https:\/\/schweiz.blog\/sv\/wp-json\/wp\/v2\/users\/274216737"}],"replies":[{"embeddable":true,"href":"https:\/\/schweiz.blog\/sv\/wp-json\/wp\/v2\/comments?post=1134"}],"version-history":[{"count":2,"href":"https:\/\/schweiz.blog\/sv\/wp-json\/wp\/v2\/posts\/1134\/revisions"}],"predecessor-version":[{"id":1136,"href":"https:\/\/schweiz.blog\/sv\/wp-json\/wp\/v2\/posts\/1134\/revisions\/1136"}],"wp:featuredmedia":[{"embeddable":true,"href":"https:\/\/schweiz.blog\/sv\/wp-json\/wp\/v2\/media\/1131"}],"wp:attachment":[{"href":"https:\/\/schweiz.blog\/sv\/wp-json\/wp\/v2\/media?parent=1134"}],"wp:term":[{"taxonomy":"category","embeddable":true,"href":"https:\/\/schweiz.blog\/sv\/wp-json\/wp\/v2\/categories?post=1134"},{"taxonomy":"post_tag","embeddable":true,"href":"https:\/\/schweiz.blog\/sv\/wp-json\/wp\/v2\/tags?post=1134"}],"curies":[{"name":"wp","href":"https:\/\/api.w.org\/{rel}","templated":true}]}}