{"id":1154,"date":"2025-12-28T13:15:58","date_gmt":"2025-12-28T12:15:58","guid":{"rendered":"https:\/\/schweiz.blog\/?p=1154"},"modified":"2026-03-19T14:20:11","modified_gmt":"2026-03-19T13:20:11","slug":"kantonen-ticino-sprak-livsstil-och-soedra-schweiz","status":"publish","type":"post","link":"https:\/\/schweiz.blog\/sv\/kanton-tessin-sprache-lebensgefuehl-und-schweizer-sueden\/","title":{"rendered":"Kantonen Ticino \u2013 Spr\u00e5k, livsstil och s\u00f6dra Schweiz"},"content":{"rendered":"<p class=\"wp-block-paragraph\">De <strong><a href=\"https:\/\/schweiz.blog\/sv\/kategori\/kantonen-ticino\/\" data-type=\"category\" data-id=\"3121\">Kantonen Ticino<\/a><\/strong> Ticino \u00e4r den sydligaste kantonen i Schweiz. Kantonen skiljer sig avsev\u00e4rt fr\u00e5n resten av landet spr\u00e5kligt, kulturellt och mentalt, vilket formar bilden av ett m\u00e5ngfaldigt Schweiz.<\/p>\n\n\n\n<h3 class=\"wp-block-heading\">Spr\u00e5k och identitet<\/h3>\n\n\n\n<p class=\"wp-block-paragraph\">Italienska \u00e4r vardagsspr\u00e5ket, en kulturb\u00e4rare och en mark\u00f6r f\u00f6r identitet. Ticino k\u00e4nns n\u00e4rmare norra Italien i m\u00e5nga avseenden \u00e4n det tysktalande Schweiz \u2013 \u00e4nd\u00e5 f\u00f6rblir det tydligt schweiziskt i sina institutioner, ordning och politiska stabilitet.<\/p>\n\n\n\n<p class=\"wp-block-paragraph\">Denna dubbla identitet \u00e4r b\u00e5de en styrka och en utmaning.<\/p>\n\n\n\n<h3 class=\"wp-block-heading\">Ekonomi mellan turism och gr\u00e4nsregion<\/h3>\n\n\n\n<p class=\"wp-block-paragraph\">Turism spelar en central roll. Sj\u00f6ar, berg och ett milt klimat g\u00f6r Ticino attraktivt f\u00f6r bes\u00f6kare och fritidshus\u00e4gare. Samtidigt \u00e4r kantonen starkt beroende av gr\u00e4ns\u00f6verskridande trafik.<\/p>\n\n\n\n<p class=\"wp-block-paragraph\">Typiskt f\u00f6r ekonomin:<\/p>\n\n\n\n<ul class=\"wp-block-list\">\n<li>m\u00e5nga gr\u00e4ns\u00f6verg\u00e5ngare<\/li>\n\n\n\n<li>tj\u00e4nstesektorn<\/li>\n\n\n\n<li>liten men stabil arbetsmarknad<\/li>\n<\/ul>\n\n\n\n<p class=\"wp-block-paragraph\">Konkurrensen fr\u00e5n Italien har en direkt inverkan p\u00e5 l\u00f6ner och jobb.<\/p>\n\n\n\n<h3 class=\"wp-block-heading\">Livet i Ticino<\/h3>\n\n\n\n<p class=\"wp-block-paragraph\">Livet g\u00e5r l\u00e5ngsammare \u00e4n i m\u00e5nga andra kantoner. Vardagslivet \u00e4r mer utomhusorienterat, med det sociala livet som utspelar sig p\u00e5 kaf\u00e9er, torg och vid vattnet.<\/p>\n\n\n\n<p class=\"wp-block-paragraph\">Samtidigt k\u00e4mpar m\u00e5nga kommuner i Ticino med:<\/p>\n\n\n\n<ul class=\"wp-block-list\">\n<li>Emigration av unga m\u00e4nniskor<\/li>\n\n\n\n<li>begr\u00e4nsade karri\u00e4rm\u00f6jligheter<\/li>\n\n\n\n<li>stigande levnadskostnader<\/li>\n<\/ul>\n\n\n\n<h3 class=\"wp-block-heading\">Social f\u00f6r\u00e4ndring<\/h3>\n\n\n\n<p class=\"wp-block-paragraph\">Kantonen \u00e5ldras snabbare \u00e4n andra regioner. Samtidigt \u00f6kar pressen att f\u00f6rbli ekonomiskt konkurrenskraftig utan att f\u00f6rlora sin egen identitet.<\/p>\n\n\n\n<p class=\"wp-block-paragraph\">Denna sp\u00e4nning formar politiska och sociala debatter.<\/p>\n\n\n\n<h3 class=\"wp-block-heading\">Framtidsutsikter<\/h3>\n\n\n\n<p class=\"wp-block-paragraph\">De<a href=\"https:\/\/schweiz.blog\/sv\/kategori\/kantonen-ticino\/\" data-type=\"category\" data-id=\"3121\"> Kantonen Ticino<\/a> Den m\u00e5ste ytterligare definiera sin v\u00e4g mellan turism, sitt gr\u00e4nsl\u00e4ge och sitt kulturella oberoende. Dess styrka ligger i dess livsstil \u2013 dess utmaning i den ekonomiska verkligheten.<\/p>\n\n\n\n<!-- schweiz.blog x schweiz.work -->\n<div style=\"  margin:56px 0;  padding:24px 28px;  border-left:3px solid #60a5fa;  background:rgba(255,255,255,0.02);  color:#e5e7eb;  font-family:system-ui,sans-serif;\">\n  <p style=\"margin:0 0 12px 0; font-size:15px; line-height:1.7;\">\n    Ut\u00f6ver denna blogg driver vi \u00e4ven <strong>schweiz.work<\/strong>  \n    en plattform f\u00f6r tj\u00e4nster i Schweiz.\n  <\/p>\n\n  <p style=\"margin:0; font-size:15px;\">\n    <a href=\"https:\/\/schweiz.work\/?ref=schweizblog\" style=\"color:#93c5fd; font-weight:500; text-decoration:none;\" target=\"_blank\" rel=\"noopener\">\n      1 aktuell annons kostnadsfritt i 30 dagar\n    <\/a>\n  <\/p>\n<\/div>\n<!-- \/schweiz.blog x schweiz.work -->","protected":false},"excerpt":{"rendered":"Der Kanton Tessin ist der s\u00fcdlichste Kanton der Schweiz. Der Kanton Tessin unterscheidet sich sprachlich, kulturell und mental&hellip;","protected":false},"author":274216737,"featured_media":1158,"comment_status":"open","ping_status":"open","sticky":false,"template":"","format":"standard","meta":{"_crdt_document":"","_jetpack_newsletter_access":"","_jetpack_dont_email_post_to_subs":true,"_jetpack_newsletter_tier_id":0,"_jetpack_memberships_contains_paywalled_content":false,"csco_display_header_overlay":false,"csco_singular_sidebar":"","csco_page_header_type":"","csco_page_load_nextpost":"","csco_page_reading_time":"","csco_page_toc_navigation":"","csco_post_video_location":[],"csco_post_video_location_hash":"","csco_post_video_url":"","csco_post_video_bg_start_time":0,"csco_post_video_bg_end_time":0,"csco_post_video_bg_volume":false,"_jetpack_memberships_contains_paid_content":false,"footnotes":"","jetpack_post_was_ever_published":false},"categories":[3121],"tags":[3225,3226,3224,3228,3227,3229],"class_list":{"0":"post-1154","1":"post","2":"type-post","3":"status-publish","4":"format-standard","5":"has-post-thumbnail","7":"category-kanton-tessin","8":"tag-kanton-tessin","9":"tag-leben-im-kanton-tessin","10":"tag-lugano-region","11":"tag-tessin-gesellschaft","12":"tag-tessin-italienische-schweiz","13":"tag-tessin-wirtschaft","14":"cs-entry","15":"cs-video-wrap"},"jetpack_featured_media_url":"https:\/\/i0.wp.com\/schweiz.blog\/wp-content\/uploads\/2025\/12\/20251228_1314_Tessin-Lebensgefuehl-Minimalismus_simple_compose_01kdje2j3te668fp251jt4frw8.png?fit=1536%2C1024&ssl=1","jetpack_sharing_enabled":true,"jetpack_shortlink":"https:\/\/wp.me\/pgWLwP-iC","_links":{"self":[{"href":"https:\/\/schweiz.blog\/sv\/wp-json\/wp\/v2\/posts\/1154","targetHints":{"allow":["GET"]}}],"collection":[{"href":"https:\/\/schweiz.blog\/sv\/wp-json\/wp\/v2\/posts"}],"about":[{"href":"https:\/\/schweiz.blog\/sv\/wp-json\/wp\/v2\/types\/post"}],"author":[{"embeddable":true,"href":"https:\/\/schweiz.blog\/sv\/wp-json\/wp\/v2\/users\/274216737"}],"replies":[{"embeddable":true,"href":"https:\/\/schweiz.blog\/sv\/wp-json\/wp\/v2\/comments?post=1154"}],"version-history":[{"count":3,"href":"https:\/\/schweiz.blog\/sv\/wp-json\/wp\/v2\/posts\/1154\/revisions"}],"predecessor-version":[{"id":1159,"href":"https:\/\/schweiz.blog\/sv\/wp-json\/wp\/v2\/posts\/1154\/revisions\/1159"}],"wp:featuredmedia":[{"embeddable":true,"href":"https:\/\/schweiz.blog\/sv\/wp-json\/wp\/v2\/media\/1158"}],"wp:attachment":[{"href":"https:\/\/schweiz.blog\/sv\/wp-json\/wp\/v2\/media?parent=1154"}],"wp:term":[{"taxonomy":"category","embeddable":true,"href":"https:\/\/schweiz.blog\/sv\/wp-json\/wp\/v2\/categories?post=1154"},{"taxonomy":"post_tag","embeddable":true,"href":"https:\/\/schweiz.blog\/sv\/wp-json\/wp\/v2\/tags?post=1154"}],"curies":[{"name":"wp","href":"https:\/\/api.w.org\/{rel}","templated":true}]}}