{"id":1198,"date":"2025-12-28T15:06:32","date_gmt":"2025-12-28T14:06:32","guid":{"rendered":"https:\/\/schweiz.blog\/?p=1198"},"modified":"2026-03-19T14:20:04","modified_gmt":"2026-03-19T13:20:04","slug":"kantonen-bern-topp-10-fakta-regioner-och-saerdrag","status":"publish","type":"post","link":"https:\/\/schweiz.blog\/sv\/kanton-bern-top-10-fakten-regionen-und-besonderheiten\/","title":{"rendered":"Kantonen Bern \u2013 Topp 10 fakta, regioner och s\u00e4rdrag"},"content":{"rendered":"<p class=\"wp-block-paragraph\">De <strong><a href=\"https:\/\/schweiz.blog\/sv\/kategori\/kantonen-bern\/\" data-type=\"category\" data-id=\"3102\">Kantonen Bern<\/a><\/strong> Bern \u00e4r en av de mest m\u00e5ngsidiga kantonerna i Schweiz. Kantonen kombinerar politisk makt, landsbygdsomr\u00e5den och alpina regioner och exemplifierar landets federala struktur.<\/p>\n\n\n\n<h3 class=\"wp-block-heading\">Topp 10 i korthet<\/h3>\n\n\n\n<p class=\"wp-block-paragraph\"><strong>1. Schweiz politiska centrum<\/strong><br>Federala palatset i Bern \u00e4r s\u00e4te f\u00f6r regeringen och parlamentet.<\/p>\n\n\n\n<p class=\"wp-block-paragraph\"><strong>2. St\u00f6rsta kantonen efter yta<\/strong><br>Omr\u00e5det str\u00e4cker sig fr\u00e5n Jurabergen \u00f6ver den schweiziska plat\u00e5n till de h\u00f6ga bergen.<\/p>\n\n\n\n<p class=\"wp-block-paragraph\"><strong>3. Berner Oberland som turistmotor<\/strong><br>Alperna, sj\u00f6arna och bergsbyarna lockar g\u00e4ster fr\u00e5n hela v\u00e4rlden.<\/p>\n\n\n\n<p class=\"wp-block-paragraph\"><strong>4. Stark administration<\/strong><br>Offentlig f\u00f6rvaltning \u00e4r en stor arbetsgivare.<\/p>\n\n\n\n<p class=\"wp-block-paragraph\"><strong>5. Jordbruksm\u00e4ssig betydelse<\/strong><br>Stora landsbygdsomr\u00e5den formar ekonomin och landskapet.<\/p>\n\n\n\n<p class=\"wp-block-paragraph\"><strong>6. Bern som kulturcentrum<\/strong><br>UNESCO Gamla stan, museer och kulturscen.<\/p>\n\n\n\n<p class=\"wp-block-paragraph\"><strong>7. H\u00f6g social sammanh\u00e5llning<\/strong><br>Klubbar, samh\u00e4llen och regional identitet \u00e4r stark.<\/p>\n\n\n\n<p class=\"wp-block-paragraph\"><strong>8. En ekonomi utan extremer<\/strong><br>Stabilitet ist\u00e4llet f\u00f6r h\u00f6gkonjunktur \u2013 industri, h\u00e4lsa och tj\u00e4nster.<\/p>\n\n\n\n<p class=\"wp-block-paragraph\"><strong>9. Trafikknutpunkt<\/strong><br>Bern f\u00f6rbinder v\u00e4stra, \u00f6stra och centrala Schweiz.<\/p>\n\n\n\n<p class=\"wp-block-paragraph\"><strong>10. Olika livsverkligheter<\/strong><br>Stadsliv, lantligt vardagsliv och alpina utmaningar sida vid sida.<\/p>\n\n\n\n<h3 class=\"wp-block-heading\">Varf\u00f6r dessa topp 10 \u00e4r tidl\u00f6sa<\/h3>\n\n\n\n<p class=\"wp-block-paragraph\">Kantonen Bern f\u00f6r\u00e4ndras l\u00e5ngsamt men h\u00e5llbart. Dess styrka ligger inte i hastighet, utan i balans och stabilitet.<\/p>\n\n\n\n<!-- schweiz.blog x schweiz.work -->\n<div style=\"  margin:56px 0;  padding:24px 28px;  border-left:3px solid #60a5fa;  background:rgba(255,255,255,0.02);  color:#e5e7eb;  font-family:system-ui,sans-serif;\">\n  <p style=\"margin:0 0 12px 0; font-size:15px; line-height:1.7;\">\n    Ut\u00f6ver denna blogg driver vi \u00e4ven <strong>schweiz.work<\/strong>  \n    en plattform f\u00f6r tj\u00e4nster i Schweiz.\n  <\/p>\n\n  <p style=\"margin:0; font-size:15px;\">\n    <a href=\"https:\/\/schweiz.work\/?ref=schweizblog\" style=\"color:#93c5fd; font-weight:500; text-decoration:none;\" target=\"_blank\" rel=\"noopener\">\n      1 aktuell annons kostnadsfritt i 30 dagar\n    <\/a>\n  <\/p>\n<\/div>\n<!-- \/schweiz.blog x schweiz.work -->","protected":false},"excerpt":{"rendered":"Der Kanton Bern ist einer der vielseitigsten Kantone der Schweiz. Der Kanton Bern vereint politische Macht, l\u00e4ndliche Weite&hellip;","protected":false},"author":274216737,"featured_media":1201,"comment_status":"open","ping_status":"open","sticky":false,"template":"","format":"standard","meta":{"_crdt_document":"","_jetpack_newsletter_access":"","_jetpack_dont_email_post_to_subs":true,"_jetpack_newsletter_tier_id":0,"_jetpack_memberships_contains_paywalled_content":false,"csco_display_header_overlay":false,"csco_singular_sidebar":"","csco_page_header_type":"","csco_page_load_nextpost":"","csco_page_reading_time":"","csco_page_toc_navigation":"","csco_post_video_location":[],"csco_post_video_location_hash":"","csco_post_video_url":"","csco_post_video_bg_start_time":0,"csco_post_video_bg_end_time":0,"csco_post_video_bg_volume":false,"_jetpack_memberships_contains_paid_content":false,"footnotes":"","jetpack_post_was_ever_published":false},"categories":[3102],"tags":[3279,3281,3278,3136,3137,3280],"class_list":{"0":"post-1198","1":"post","2":"type-post","3":"status-publish","4":"format-standard","5":"has-post-thumbnail","7":"category-kanton-bern","8":"tag-bern-besonderheiten","9":"tag-bern-fakten","10":"tag-berner-oberland","11":"tag-kanton-bern","12":"tag-leben-im-kanton-bern","13":"tag-top-10-kanton-bern","14":"cs-entry","15":"cs-video-wrap"},"jetpack_featured_media_url":"https:\/\/i0.wp.com\/schweiz.blog\/wp-content\/uploads\/2025\/12\/20251228_1504_Kanton-Bern-Eindruecke_simple_compose_01kdjmc8c0f8jbajtt1s53645v.png?fit=1536%2C1024&ssl=1","jetpack_sharing_enabled":true,"jetpack_shortlink":"https:\/\/wp.me\/pgWLwP-jk","_links":{"self":[{"href":"https:\/\/schweiz.blog\/sv\/wp-json\/wp\/v2\/posts\/1198","targetHints":{"allow":["GET"]}}],"collection":[{"href":"https:\/\/schweiz.blog\/sv\/wp-json\/wp\/v2\/posts"}],"about":[{"href":"https:\/\/schweiz.blog\/sv\/wp-json\/wp\/v2\/types\/post"}],"author":[{"embeddable":true,"href":"https:\/\/schweiz.blog\/sv\/wp-json\/wp\/v2\/users\/274216737"}],"replies":[{"embeddable":true,"href":"https:\/\/schweiz.blog\/sv\/wp-json\/wp\/v2\/comments?post=1198"}],"version-history":[{"count":2,"href":"https:\/\/schweiz.blog\/sv\/wp-json\/wp\/v2\/posts\/1198\/revisions"}],"predecessor-version":[{"id":1202,"href":"https:\/\/schweiz.blog\/sv\/wp-json\/wp\/v2\/posts\/1198\/revisions\/1202"}],"wp:featuredmedia":[{"embeddable":true,"href":"https:\/\/schweiz.blog\/sv\/wp-json\/wp\/v2\/media\/1201"}],"wp:attachment":[{"href":"https:\/\/schweiz.blog\/sv\/wp-json\/wp\/v2\/media?parent=1198"}],"wp:term":[{"taxonomy":"category","embeddable":true,"href":"https:\/\/schweiz.blog\/sv\/wp-json\/wp\/v2\/categories?post=1198"},{"taxonomy":"post_tag","embeddable":true,"href":"https:\/\/schweiz.blog\/sv\/wp-json\/wp\/v2\/tags?post=1198"}],"curies":[{"name":"wp","href":"https:\/\/api.w.org\/{rel}","templated":true}]}}