{"id":1371,"date":"2025-12-28T16:55:37","date_gmt":"2025-12-28T15:55:37","guid":{"rendered":"https:\/\/schweiz.blog\/?p=1371"},"modified":"2026-03-19T14:19:32","modified_gmt":"2026-03-19T13:19:32","slug":"kantonen-appenzell-innerrhoden-2026-hur-tradition-och-vardagsliv-kommer-att-foeraendras","status":"publish","type":"post","link":"https:\/\/schweiz.blog\/sv\/kanton-appenzell-innerrhoden-2026-wie-tradition-und-alltag-sich-veraendern\/","title":{"rendered":"Kantonen Appenzell Innerrhoden 2026 \u2013 Hur tradition och vardagsliv f\u00f6r\u00e4ndras"},"content":{"rendered":"<p class=\"wp-block-paragraph\">De <strong><a href=\"https:\/\/schweiz.blog\/sv\/kategori\/kantonen-appenzell-innerrhoden\/\" data-type=\"category\" data-id=\"3116\">Kantonen Appenzell Innerrhoden<\/a><\/strong> Kantonen Appenzell Innerrhoden st\u00e5r inf\u00f6r noggranna anpassningar under 2026. Den m\u00e5ste bevara sina traditioner samtidigt som den m\u00e5ste anpassa sig till samh\u00e4llsf\u00f6r\u00e4ndringar.<\/p>\n\n\n\n<h3 class=\"wp-block-heading\">Traditionen f\u00f6rblir central<\/h3>\n\n\n\n<p class=\"wp-block-paragraph\">Tullverket, Landsgemeinde (kantonf\u00f6rsamlingen) och samh\u00e4llsstrukturerna f\u00f6rblir or\u00f6rda. F\u00f6r\u00e4ndringar kommer endast att g\u00f6ras med brett st\u00f6d.<\/p>\n\n\n\n<h3 class=\"wp-block-heading\">Arbete och pendling<\/h3>\n\n\n\n<p class=\"wp-block-paragraph\">Arbetsmarknaden \u00e4r fortfarande liten. Pendling och deltidsarbete forts\u00e4tter att \u00f6ka, medan arbete hemifr\u00e5n f\u00f6rsiktigt \u00f6kar i betydelse.<\/p>\n\n\n\n<h3 class=\"wp-block-heading\">Boende och bostadsyta<\/h3>\n\n\n\n<p class=\"wp-block-paragraph\">Boyta \u00e4r fortfarande begr\u00e4nsad. Nybyggnation genomf\u00f6rs mycket sparsamt f\u00f6r att skydda byns strukturer.<\/p>\n\n\n\n<h3 class=\"wp-block-heading\">Turism med k\u00e4nsla f\u00f6r proportioner<\/h3>\n\n\n\n<p class=\"wp-block-paragraph\">H\u00e5llbar turism \u00e4r fortfarande den v\u00e4gledande principen. Kvalitet framf\u00f6r kvantitet kommer att forts\u00e4tta vara prioriteten under 2026.<\/p>\n\n\n\n<h3 class=\"wp-block-heading\">Social f\u00f6r\u00e4ndring<\/h3>\n\n\n\n<p class=\"wp-block-paragraph\">Befolkningen \u00e5ldras och invandringen \u00e4r fortsatt l\u00e5g. Nya livsstilar accepteras om de passar in.<\/p>\n\n\n\n<h3 class=\"wp-block-heading\">Slutsats<\/h3>\n\n\n\n<p class=\"wp-block-paragraph\">Kantonen Appenzell Innerrhoden kommer att f\u00f6rbli anm\u00e4rkningsv\u00e4rt stabil \u00e5r 2026, men inte spektakul\u00e4rt. Dess styrka ligger i tydlighet, gemenskap och en medveten l\u00e5ngsamhet.<\/p>\n\n\n\n<!-- schweiz.blog x schweiz.work -->\n<div style=\"  margin:56px 0;  padding:24px 28px;  border-left:3px solid #60a5fa;  background:rgba(255,255,255,0.02);  color:#e5e7eb;  font-family:system-ui,sans-serif;\">\n  <p style=\"margin:0 0 12px 0; font-size:15px; line-height:1.7;\">\n    Ut\u00f6ver denna blogg driver vi \u00e4ven <strong>schweiz.work<\/strong>  \n    en plattform f\u00f6r tj\u00e4nster i Schweiz.\n  <\/p>\n\n  <p style=\"margin:0; font-size:15px;\">\n    <a href=\"https:\/\/schweiz.work\/?ref=schweizblog\" style=\"color:#93c5fd; font-weight:500; text-decoration:none;\" target=\"_blank\" rel=\"noopener\">\n      1 aktuell annons kostnadsfritt i 30 dagar\n    <\/a>\n  <\/p>\n<\/div>\n<!-- \/schweiz.blog x schweiz.work -->","protected":false},"excerpt":{"rendered":"Der Kanton Appenzell Innerrhoden steht 2026 vor behutsamen Anpassungen. Der Kanton Appenzell Innerrhoden muss Tradition bewahren und gleichzeitig&hellip;","protected":false},"author":274216737,"featured_media":1368,"comment_status":"open","ping_status":"open","sticky":false,"template":"","format":"standard","meta":{"_crdt_document":"","_jetpack_newsletter_access":"","_jetpack_dont_email_post_to_subs":true,"_jetpack_newsletter_tier_id":0,"_jetpack_memberships_contains_paywalled_content":false,"csco_display_header_overlay":false,"csco_singular_sidebar":"","csco_page_header_type":"","csco_page_load_nextpost":"","csco_page_reading_time":"","csco_page_toc_navigation":"","csco_post_video_location":[],"csco_post_video_location_hash":"","csco_post_video_url":"","csco_post_video_bg_start_time":0,"csco_post_video_bg_end_time":0,"csco_post_video_bg_volume":false,"_jetpack_memberships_contains_paid_content":false,"footnotes":"","jetpack_post_was_ever_published":false},"categories":[3116,2710],"tags":[3454,3457,3456,3455],"class_list":{"0":"post-1371","1":"post","2":"type-post","3":"status-publish","4":"format-standard","5":"has-post-thumbnail","7":"category-kanton-appenzell-innerrhoden","8":"category-allgemein","9":"tag-appenzell-ai-zukunft","10":"tag-innerrhoden-veraenderungen-2026","11":"tag-kanton-appenzell-innerrhoden-2026","12":"tag-leben-innerrhoden-2026","13":"cs-entry","14":"cs-video-wrap"},"jetpack_featured_media_url":"https:\/\/i0.wp.com\/schweiz.blog\/wp-content\/uploads\/2025\/12\/20251228_1653_Appenzell-Transformation-2026_simple_compose_01kdjtkct3f2cvw7hxwyxhj67a.png?fit=1536%2C1024&ssl=1","jetpack_sharing_enabled":true,"jetpack_shortlink":"https:\/\/wp.me\/pgWLwP-m7","_links":{"self":[{"href":"https:\/\/schweiz.blog\/sv\/wp-json\/wp\/v2\/posts\/1371","targetHints":{"allow":["GET"]}}],"collection":[{"href":"https:\/\/schweiz.blog\/sv\/wp-json\/wp\/v2\/posts"}],"about":[{"href":"https:\/\/schweiz.blog\/sv\/wp-json\/wp\/v2\/types\/post"}],"author":[{"embeddable":true,"href":"https:\/\/schweiz.blog\/sv\/wp-json\/wp\/v2\/users\/274216737"}],"replies":[{"embeddable":true,"href":"https:\/\/schweiz.blog\/sv\/wp-json\/wp\/v2\/comments?post=1371"}],"version-history":[{"count":2,"href":"https:\/\/schweiz.blog\/sv\/wp-json\/wp\/v2\/posts\/1371\/revisions"}],"predecessor-version":[{"id":1373,"href":"https:\/\/schweiz.blog\/sv\/wp-json\/wp\/v2\/posts\/1371\/revisions\/1373"}],"wp:featuredmedia":[{"embeddable":true,"href":"https:\/\/schweiz.blog\/sv\/wp-json\/wp\/v2\/media\/1368"}],"wp:attachment":[{"href":"https:\/\/schweiz.blog\/sv\/wp-json\/wp\/v2\/media?parent=1371"}],"wp:term":[{"taxonomy":"category","embeddable":true,"href":"https:\/\/schweiz.blog\/sv\/wp-json\/wp\/v2\/categories?post=1371"},{"taxonomy":"post_tag","embeddable":true,"href":"https:\/\/schweiz.blog\/sv\/wp-json\/wp\/v2\/tags?post=1371"}],"curies":[{"name":"wp","href":"https:\/\/api.w.org\/{rel}","templated":true}]}}