{"id":1083,"date":"2025-12-28T01:22:40","date_gmt":"2025-12-28T00:22:40","guid":{"rendered":"https:\/\/schweiz.blog\/?p=1083"},"modified":"2026-03-19T14:17:53","modified_gmt":"2026-03-19T13:17:53","slug":"zuerih-kantonu-isvicrenin-ekonomisi-yasami-ve-gelecegi","status":"publish","type":"post","link":"https:\/\/schweiz.blog\/tr\/kanton-zuerich-wirtschaft-leben-und-zukunft-der-schweiz\/","title":{"rendered":"Z\u00fcrih Kantonu \u2013 \u0130svi\u00e7re&#039;nin Ekonomisi, Ya\u015fam\u0131 ve Gelece\u011fi"},"content":{"rendered":"<p class=\"wp-block-paragraph\">O <strong><a href=\"https:\/\/schweiz.blog\/tr\/kategori\/kanton-zuerich\/\" data-type=\"category\" data-id=\"3101\">Z\u00fcrih Kantonu<\/a><\/strong> Z\u00fcrih, \u0130svi\u00e7re&#039;nin ekonomik ve sosyal merkezi olarak kabul edilir. Z\u00fcrih kantonu sadece i\u015f g\u00fcc\u00fcn\u00fc ve inovasyonu de\u011fil, ayn\u0131 zamanda ya\u015fam tarzlar\u0131n\u0131, siyasi tart\u0131\u015fmalar\u0131 ve s\u0131n\u0131rlar\u0131n\u0131n \u00e7ok \u00f6tesindeki gelece\u011fe dair konular\u0131 da \u015fekillendirir.<\/p>\n\n\n\n<h3 class=\"wp-block-heading\">\u0130svi\u00e7re&#039;nin ekonomik motoru<\/h3>\n\n\n\n<p class=\"wp-block-paragraph\"><a href=\"https:\/\/schweiz.blog\/tr\/kategori\/kanton-zuerich\/\" data-type=\"category\" data-id=\"3101\">Z\u00fcrih <\/a>Buras\u0131 \u00fclkenin en \u00f6nemli ekonomik b\u00f6lgesidir. Uluslararas\u0131 \u015firketler, finans kurulu\u015flar\u0131, giri\u015fimler ve ara\u015ft\u0131rma kurumlar\u0131 burada bir araya gelir. A\u015fa\u011f\u0131dakiler \u00f6zellikle iyi temsil edilmektedir:<\/p>\n\n\n\n<ul class=\"wp-block-list\">\n<li>Finans ve sigorta<\/li>\n\n\n\n<li>Teknoloji ve Bili\u015fim Teknolojileri<\/li>\n\n\n\n<li>E\u011fitim ve Ara\u015ft\u0131rma<\/li>\n\n\n\n<li>Yarat\u0131c\u0131 ve medya end\u00fcstrileri<\/li>\n<\/ul>\n\n\n\n<p class=\"wp-block-paragraph\">Y\u00fcksek i\u015f yo\u011funlu\u011fu, \u0130svi\u00e7re&#039;nin her yerinden insanlar\u0131 cezbetmekte ve bu durum altyap\u0131 ve konut \u00fczerinde belirgin sonu\u00e7lar do\u011furmaktad\u0131r.<\/p>\n\n\n\n<h3 class=\"wp-block-heading\">\u015eehir ve kentle\u015fme aras\u0131nda ya\u015fam<\/h3>\n\n\n\n<p class=\"wp-block-paragraph\">Z\u00fcrih kantonu, g\u00fc\u00e7l\u00fc z\u0131tl\u0131klarla karakterize edilir. Z\u00fcrih \u015fehri kentsel, yo\u011fun n\u00fcfuslu ve uluslararas\u0131 bir yap\u0131ya sahipken, kantonun b\u00fcy\u00fck b\u00f6l\u00fcmleri k\u0131rsal yerle\u015fimlerden ve topluluklardan olu\u015fmaktad\u0131r.<\/p>\n\n\n\n<p class=\"wp-block-paragraph\">Bu kar\u0131\u015f\u0131m kantonu hem \u00e7ekici hem de zorlu k\u0131l\u0131yor:<\/p>\n\n\n\n<ul class=\"wp-block-list\">\n<li>Kira art\u0131\u015f\u0131<\/li>\n\n\n\n<li>Trafik bask\u0131s\u0131<\/li>\n\n\n\n<li>ya\u015fam alan\u0131n\u0131n yo\u011funla\u015ft\u0131r\u0131lmas\u0131<\/li>\n\n\n\n<li>B\u00fcy\u00fcme ve ya\u015fam kalitesi aras\u0131ndaki \u00e7at\u0131\u015fmalar<\/li>\n<\/ul>\n\n\n\n<p class=\"wp-block-paragraph\">Ayn\u0131 zamanda, kanton k\u00fc\u00e7\u00fck bir alanda ola\u011fan\u00fcst\u00fc y\u00fcksek d\u00fczeyde \u00e7e\u015fitlilik sunmaktad\u0131r.<\/p>\n\n\n\n<h3 class=\"wp-block-heading\">Toplum ve zihniyet<\/h3>\n\n\n\n<p class=\"wp-block-paragraph\">O <a href=\"https:\/\/schweiz.blog\/tr\/kategori\/kanton-zuerich\/\" data-type=\"category\" data-id=\"3101\">Z\u00fcrih Kantonu<\/a> Performans odakl\u0131, do\u011frudan ve pragmatik olarak kabul edilir. Burada i\u015f, verimlilik ve ilerleme hakk\u0131ndaki tart\u0131\u015fmalar \u00f6zellikle yayg\u0131nd\u0131r. Ayn\u0131 zamanda, dengeye, do\u011faya ve daha yava\u015f bir ya\u015fam temposuna duyulan ihtiya\u00e7 artmaktad\u0131r; bu durum yerel rekreasyon alanlar\u0131nda, g\u00f6llerde ve ye\u015fil alanlarda a\u00e7\u0131k\u00e7a g\u00f6r\u00fclmektedir.<\/p>\n\n\n\n<h3 class=\"wp-block-heading\">Siyaset ve n\u00fcfuz<\/h3>\n\n\n\n<p class=\"wp-block-paragraph\">En kalabal\u0131k kanton olarak Z\u00fcrih, \u00f6nemli bir siyasi etkiye sahiptir. Bir\u00e7ok ulusal tart\u0131\u015fma burada ba\u015flar. Konut piyasas\u0131, ula\u015f\u0131m, dijitalle\u015fme ve e\u011fitim politikas\u0131 gibi konular, genellikle kantonun di\u011fer yerlerine g\u00f6re daha erken ve daha yo\u011fun bir \u015fekilde burada tart\u0131\u015f\u0131l\u0131r.<\/p>\n\n\n\n<h3 class=\"wp-block-heading\">Gelecek beklentileri<\/h3>\n\n\n\n<p class=\"wp-block-paragraph\">Z\u00fcrih Kantonu \u00e7ok \u00f6nemli bir soruyla kar\u015f\u0131 kar\u015f\u0131ya: Ya\u015fam kalitesinden \u00f6d\u00fcn vermeden daha fazla b\u00fcy\u00fcme nas\u0131l y\u00f6netilebilir? Bu sorunun cevaplar\u0131 sadece Z\u00fcrih i\u00e7in de\u011fil, t\u00fcm \u0130svi\u00e7re i\u00e7in de hayati \u00f6nem ta\u015f\u0131yacak.<\/p>\n\n\n\n<!-- schweiz.blog x schweiz.work -->\n<div style=\"  margin:48px 0;  padding:28px 32px;  border-radius:16px;  background:linear-gradient(180deg,#0f172a,#020617);  border:1px solid rgba(255,255,255,0.08);  color:#e5e7eb;  font-family:system-ui,-apple-system,BlinkMacSystemFont,'Segoe UI',sans-serif;\">\n  <span style=\"    display:inline-block;    font-size:12px;    letter-spacing:0.08em;    text-transform:uppercase;    color:#93c5fd;    margin-bottom:12px;  \">\n    schweiz.blog \u00d7 schweiz.work\n  <\/span>\n\n  <h3 style=\"margin:0 0 10px 0; font-size:20px; font-weight:600;\">\n    \u0130svi\u00e7re&#039;de \u0130\u015f ve Hizmetler\n  <\/h3>\n\n  <p style=\"margin:0 0 18px 0; font-size:15px; line-height:1.6; color:#cbd5f5;\">\n    A\u00e7\u0131k <strong>i\u0307svi\u0307\u00e7re.i\u0307\u015f<\/strong> \u0130svi\u00e7re&#039;den hizmetler bulun \u2013 ya da bunu kendiniz yapabilir misiniz? <strong>Bir reklam 30 g\u00fcn boyunca \u00fccretsizdir.<\/strong> Yay\u0131nla.\n  <\/p>\n\n  <a href=\"https:\/\/schweiz.work\/?ref=schweizblog\" style=\"       display:inline-block;       padding:10px 16px;       border-radius:10px;       background:#ffffff;       color:#020617;       font-weight:600;       font-size:14px;       text-decoration:none;     \" target=\"_blank\" rel=\"noopener\">\n    schweiz.work adresine gidin \u2192\n  <\/a>\n<\/div>\n<!-- \/schweiz.blog x schweiz.work -->","protected":false},"excerpt":{"rendered":"Der Kanton Z\u00fcrich gilt als wirtschaftliches und gesellschaftliches Zentrum der Schweiz. Der Kanton Z\u00fcrich pr\u00e4gt nicht nur Arbeitsmarkt&hellip;","protected":false},"author":274216737,"featured_media":1087,"comment_status":"open","ping_status":"open","sticky":false,"template":"","format":"standard","meta":{"_crdt_document":"","_jetpack_newsletter_access":"","_jetpack_dont_email_post_to_subs":true,"_jetpack_newsletter_tier_id":0,"_jetpack_memberships_contains_paywalled_content":false,"csco_display_header_overlay":false,"csco_singular_sidebar":"","csco_page_header_type":"","csco_page_load_nextpost":"","csco_page_reading_time":"","csco_page_toc_navigation":"","csco_post_video_location":[],"csco_post_video_location_hash":"","csco_post_video_url":"","csco_post_video_bg_start_time":0,"csco_post_video_bg_end_time":0,"csco_post_video_bg_volume":false,"_jetpack_memberships_contains_paid_content":false,"footnotes":"","jetpack_post_was_ever_published":false},"categories":[3101],"tags":[3127,3132,3129,3131,3128,3130],"class_list":{"0":"post-1083","1":"post","2":"type-post","3":"status-publish","4":"format-standard","5":"has-post-thumbnail","7":"category-kanton-zuerich","8":"tag-kanton-zuerich","9":"tag-leben-im-kanton-zuerich","10":"tag-zuerich-gesellschaft","11":"tag-zuerich-politik","12":"tag-zuerich-wirtschaft","13":"tag-zuerich-zukunft","14":"cs-entry","15":"cs-video-wrap"},"jetpack_featured_media_url":"https:\/\/i0.wp.com\/schweiz.blog\/wp-content\/uploads\/2025\/12\/20251228_0115_Zuerich-Zukunftsvision_simple_compose_01kdh4xssren3saafy55zsxvvn.png?fit=1536%2C1024&ssl=1","jetpack_sharing_enabled":true,"jetpack_shortlink":"https:\/\/wp.me\/pgWLwP-ht","_links":{"self":[{"href":"https:\/\/schweiz.blog\/tr\/wp-json\/wp\/v2\/posts\/1083","targetHints":{"allow":["GET"]}}],"collection":[{"href":"https:\/\/schweiz.blog\/tr\/wp-json\/wp\/v2\/posts"}],"about":[{"href":"https:\/\/schweiz.blog\/tr\/wp-json\/wp\/v2\/types\/post"}],"author":[{"embeddable":true,"href":"https:\/\/schweiz.blog\/tr\/wp-json\/wp\/v2\/users\/274216737"}],"replies":[{"embeddable":true,"href":"https:\/\/schweiz.blog\/tr\/wp-json\/wp\/v2\/comments?post=1083"}],"version-history":[{"count":3,"href":"https:\/\/schweiz.blog\/tr\/wp-json\/wp\/v2\/posts\/1083\/revisions"}],"predecessor-version":[{"id":1088,"href":"https:\/\/schweiz.blog\/tr\/wp-json\/wp\/v2\/posts\/1083\/revisions\/1088"}],"wp:featuredmedia":[{"embeddable":true,"href":"https:\/\/schweiz.blog\/tr\/wp-json\/wp\/v2\/media\/1087"}],"wp:attachment":[{"href":"https:\/\/schweiz.blog\/tr\/wp-json\/wp\/v2\/media?parent=1083"}],"wp:term":[{"taxonomy":"category","embeddable":true,"href":"https:\/\/schweiz.blog\/tr\/wp-json\/wp\/v2\/categories?post=1083"},{"taxonomy":"post_tag","embeddable":true,"href":"https:\/\/schweiz.blog\/tr\/wp-json\/wp\/v2\/tags?post=1083"}],"curies":[{"name":"wp","href":"https:\/\/api.w.org\/{rel}","templated":true}]}}