{"id":1137,"date":"2025-12-28T13:06:57","date_gmt":"2025-12-28T12:06:57","guid":{"rendered":"https:\/\/schweiz.blog\/?p=1137"},"modified":"2026-03-19T14:20:13","modified_gmt":"2026-03-19T13:20:13","slug":"freiburg-kantonu-iki-dillilik-denge-ve-guenluek-isvicre-yasami","status":"publish","type":"post","link":"https:\/\/schweiz.blog\/tr\/kanton-freiburg-zweisprachigkeit-balance-und-schweizer-alltag\/","title":{"rendered":"Fribourg Kantonu \u2013 \u0130ki Dillilik, Denge ve G\u00fcnl\u00fck \u0130svi\u00e7re Ya\u015fam\u0131"},"content":{"rendered":"<p class=\"wp-block-paragraph\">O <strong><a href=\"https:\/\/schweiz.blog\/tr\/kategori\/freiburg-kantonu\/\" data-type=\"category\" data-id=\"3110\">Fribourg Kantonu<\/a><\/strong> Fribourg, \u0130svi\u00e7re&#039;de \u00f6zel bir yere sahiptir. Fribourg kantonu, Almanca ve Frans\u0131zca konu\u015fulan k\u00fclt\u00fcrleri bir araya getirir ve \u00fclkeyi \u015fekillendiren iki zihniyet aras\u0131nda bir k\u00f6pr\u00fc olarak kabul edilir.<\/p>\n\n\n\n<h3 class=\"wp-block-heading\">\u0130ki dillilik g\u00fcnl\u00fck ya\u015fam\u0131n bir par\u00e7as\u0131 olarak<\/h3>\n\n\n\n<p class=\"wp-block-paragraph\">Freiburg&#039;da iki dillilik siyasi bir tart\u0131\u015fma de\u011fil, bir ger\u00e7ekliktir. Okullar, y\u00f6netim ve halk do\u011fal olarak Almanca ve Frans\u0131zca aras\u0131nda ge\u00e7i\u015f yapar. Bu yak\u0131nl\u0131k anlay\u0131\u015f\u0131 geli\u015ftirir, ancak ayn\u0131 zamanda s\u00fcrekli koordinasyon gerektirir.<\/p>\n\n\n\n<p class=\"wp-block-paragraph\">Bu durum \u00f6zellikle \u015fu konularda belirgindir:<\/p>\n\n\n\n<ul class=\"wp-block-list\">\n<li>e\u011fitim sisteminde<\/li>\n\n\n\n<li>siyasette<\/li>\n\n\n\n<li>i\u015fg\u00fcc\u00fc piyasas\u0131nda<\/li>\n<\/ul>\n\n\n\n<p class=\"wp-block-paragraph\">Bu nedenle Freiburg, entegrasyon \u00e7abalar\u0131 g\u00fc\u00e7l\u00fc olan bir kanton olarak kabul edilir.<\/p>\n\n\n\n<h3 class=\"wp-block-heading\">\u015eehir ve k\u0131rsal ya\u015fam aras\u0131nda bir yolculuk<\/h3>\n\n\n\n<p class=\"wp-block-paragraph\">Kanton a\u011f\u0131rl\u0131kl\u0131 olarak k\u0131rsald\u0131r ve az say\u0131da kentsel merkeze sahiptir. Fribourg \u015fehri k\u00fclt\u00fcrel ve idari merkez g\u00f6revi g\u00f6r\u00fcrken, bir\u00e7ok belediye a\u011f\u0131rl\u0131kl\u0131 olarak tar\u0131msald\u0131r.<\/p>\n\n\n\n<p class=\"wp-block-paragraph\">Bu yap\u0131 \u015funlar\u0131 sa\u011flar:<\/p>\n\n\n\n<ul class=\"wp-block-list\">\n<li>orta ya\u015fam maliyeti<\/li>\n\n\n\n<li>yak\u0131n sosyal uyum<\/li>\n\n\n\n<li>y\u00fcksek ya\u015fam kalitesi<\/li>\n<\/ul>\n\n\n\n<h3 class=\"wp-block-heading\">Ekonomik yap\u0131<\/h3>\n\n\n\n<p class=\"wp-block-paragraph\">Tar\u0131m, g\u0131da end\u00fcstrisi, e\u011fitim ve kamu y\u00f6netimi ekonomiyi \u015fekillendiriyor. Freiburg bir b\u00fcy\u00fcme merkezi de\u011fil, istikrarl\u0131 ve g\u00fcvenilir yap\u0131lara sahip bir kanton.<\/p>\n\n\n\n<p class=\"wp-block-paragraph\">Aileler ve \u00f6\u011frenciler i\u00e7in cazip k\u0131lan da tam olarak bu istikrard\u0131r.<\/p>\n\n\n\n<h3 class=\"wp-block-heading\">Sosyal dinamikler<\/h3>\n\n\n\n<p class=\"wp-block-paragraph\">Fribourg kantonu dengeli, sakin ve uzla\u015fmaya a\u00e7\u0131k olarak kabul edilir. A\u015f\u0131r\u0131 siyasi dalgalanmalar nadirdir. De\u011fi\u015fiklikler kademeli olarak ger\u00e7ekle\u015fir ve genellikle uzla\u015fma odakl\u0131d\u0131r.<\/p>\n\n\n\n<h3 class=\"wp-block-heading\">Gelecek beklentileri<\/h3>\n\n\n\n<p class=\"wp-block-paragraph\"><a href=\"https:\/\/schweiz.blog\/tr\/kategori\/freiburg-kantonu\/\" data-type=\"category\" data-id=\"3110\">Freiburg&#039;un <\/a>G\u00fcc\u00fc, arabuluculuk rol\u00fcnde yatmaktad\u0131r. Giderek kutupla\u015fan bir d\u00fcnyada, bu yetenek hem kanton hem de \u0130svi\u00e7re&#039;nin tamam\u0131 i\u00e7in daha da \u00f6nemli hale gelebilir.<\/p>\n\n\n\n<!-- schweiz.blog x schweiz.work -->\n<div style=\"  margin:56px 0;  padding:24px 28px;  border-left:3px solid #60a5fa;  background:rgba(255,255,255,0.02);  color:#e5e7eb;  font-family:system-ui,sans-serif;\">\n  <p style=\"margin:0 0 12px 0; font-size:15px; line-height:1.7;\">\n    Bu bloga ek olarak, ayr\u0131ca \u015funlar\u0131 da y\u00fcr\u00fct\u00fcyoruz <strong>i\u0307svi\u0307\u00e7re.i\u0307\u015f<\/strong>  \n    \u0130svi\u00e7re'de hizmetler i\u00e7in bir platform.\n  <\/p>\n\n  <p style=\"margin:0; font-size:15px;\">\n    <a href=\"https:\/\/schweiz.work\/?ref=schweizblog\" style=\"color:#93c5fd; font-weight:500; text-decoration:none;\" target=\"_blank\" rel=\"noopener\">\n      30 g\u00fcn boyunca \u00fccretsiz ilan \u2192\n    <\/a>\n  <\/p>\n<\/div>\n<!-- \/schweiz.blog x schweiz.work -->","protected":false},"excerpt":{"rendered":"Der Kanton Freiburg nimmt in der Schweiz eine besondere Rolle ein. Der Kanton Freiburg verbindet deutsch- und franz\u00f6sischsprachige&hellip;","protected":false},"author":274216737,"featured_media":1140,"comment_status":"open","ping_status":"open","sticky":false,"template":"","format":"standard","meta":{"_crdt_document":"","_jetpack_newsletter_access":"","_jetpack_dont_email_post_to_subs":true,"_jetpack_newsletter_tier_id":0,"_jetpack_memberships_contains_paywalled_content":false,"csco_display_header_overlay":false,"csco_singular_sidebar":"","csco_page_header_type":"","csco_page_load_nextpost":"","csco_page_reading_time":"","csco_page_toc_navigation":"","csco_post_video_location":[],"csco_post_video_location_hash":"","csco_post_video_url":"","csco_post_video_bg_start_time":0,"csco_post_video_bg_end_time":0,"csco_post_video_bg_volume":false,"_jetpack_memberships_contains_paid_content":false,"footnotes":"","jetpack_post_was_ever_published":false},"categories":[3110],"tags":[3205,3203,3201,3202,3204,3200],"class_list":{"0":"post-1137","1":"post","2":"type-post","3":"status-publish","4":"format-standard","5":"has-post-thumbnail","7":"category-kanton-freiburg","8":"tag-freiburg-gesellschaft","9":"tag-freiburg-region","10":"tag-freiburg-wirtschaft","11":"tag-freiburg-zweisprachigkeit","12":"tag-kanton-freiburg","13":"tag-leben-im-kanton-freiburg","14":"cs-entry","15":"cs-video-wrap"},"jetpack_featured_media_url":"https:\/\/i0.wp.com\/schweiz.blog\/wp-content\/uploads\/2025\/12\/20251228_1304_Zweisprachige-Balance_simple_compose_01kdjdh95kekzr8spg0ys022k3.png?fit=1536%2C1024&ssl=1","jetpack_sharing_enabled":true,"jetpack_shortlink":"https:\/\/wp.me\/pgWLwP-il","_links":{"self":[{"href":"https:\/\/schweiz.blog\/tr\/wp-json\/wp\/v2\/posts\/1137","targetHints":{"allow":["GET"]}}],"collection":[{"href":"https:\/\/schweiz.blog\/tr\/wp-json\/wp\/v2\/posts"}],"about":[{"href":"https:\/\/schweiz.blog\/tr\/wp-json\/wp\/v2\/types\/post"}],"author":[{"embeddable":true,"href":"https:\/\/schweiz.blog\/tr\/wp-json\/wp\/v2\/users\/274216737"}],"replies":[{"embeddable":true,"href":"https:\/\/schweiz.blog\/tr\/wp-json\/wp\/v2\/comments?post=1137"}],"version-history":[{"count":2,"href":"https:\/\/schweiz.blog\/tr\/wp-json\/wp\/v2\/posts\/1137\/revisions"}],"predecessor-version":[{"id":1141,"href":"https:\/\/schweiz.blog\/tr\/wp-json\/wp\/v2\/posts\/1137\/revisions\/1141"}],"wp:featuredmedia":[{"embeddable":true,"href":"https:\/\/schweiz.blog\/tr\/wp-json\/wp\/v2\/media\/1140"}],"wp:attachment":[{"href":"https:\/\/schweiz.blog\/tr\/wp-json\/wp\/v2\/media?parent=1137"}],"wp:term":[{"taxonomy":"category","embeddable":true,"href":"https:\/\/schweiz.blog\/tr\/wp-json\/wp\/v2\/categories?post=1137"},{"taxonomy":"post_tag","embeddable":true,"href":"https:\/\/schweiz.blog\/tr\/wp-json\/wp\/v2\/tags?post=1137"}],"curies":[{"name":"wp","href":"https:\/\/api.w.org\/{rel}","templated":true}]}}