{"id":1195,"date":"2025-12-28T15:03:34","date_gmt":"2025-12-28T14:03:34","guid":{"rendered":"https:\/\/schweiz.blog\/?p=1195"},"modified":"2026-03-19T14:20:05","modified_gmt":"2026-03-19T13:20:05","slug":"zuerih-kantonu-2026-guenluek-hayatta-gercekten-neler-degisecek","status":"publish","type":"post","link":"https:\/\/schweiz.blog\/tr\/kanton-zuerich-2026-was-sich-im-alltag-wirklich-veraendert\/","title":{"rendered":"Z\u00fcrih Kantonu 2026 \u2013 G\u00fcnl\u00fck hayatta ger\u00e7ekten neler de\u011fi\u015fecek?"},"content":{"rendered":"<p class=\"wp-block-paragraph\">O <strong><a href=\"https:\/\/schweiz.blog\/tr\/kategori\/kanton-zuerich\/\" data-type=\"category\" data-id=\"3101\">Z\u00fcrih Kantonu<\/a><\/strong> 2026 y\u0131l\u0131 bir d\u00f6n\u00fcm noktas\u0131 olacak. Z\u00fcrih kantonu, ilk bak\u0131\u015fta \u00e7ok \u00e7arp\u0131c\u0131 g\u00f6r\u00fcnmeyebilecek ancak bir\u00e7ok insan\u0131n g\u00fcnl\u00fck ya\u015fam\u0131n\u0131 g\u00f6zle g\u00f6r\u00fcl\u00fcr \u015fekilde etkileyecek de\u011fi\u015fiklikler ya\u015fayacak.<\/p>\n\n\n\n<h3 class=\"wp-block-heading\">Konut sorunu temel mesele olmaya devam ediyor.<\/h3>\n\n\n\n<p class=\"wp-block-paragraph\">Konut piyasas\u0131 h\u00e2l\u00e2 s\u0131k\u0131\u015f\u0131k. Yo\u011funla\u015fma, yeni in\u015faatlar ve d\u00f6n\u00fc\u015f\u00fcm projeleri art\u0131yor. Ayn\u0131 zamanda, uygun fiyatl\u0131 konut sa\u011flanmas\u0131 i\u00e7in siyasi bask\u0131 da art\u0131yor.<\/p>\n\n\n\n<p class=\"wp-block-paragraph\">2026 \u015fu anlama gelir:<\/p>\n\n\n\n<ul class=\"wp-block-list\">\n<li>daha fazla in\u015faat projesi<\/li>\n\n\n\n<li>daha k\u00fc\u00e7\u00fck ya\u015fam alanlar\u0131<\/li>\n\n\n\n<li>k\u00fcmelenmenin kullan\u0131m\u0131n\u0131n artmas\u0131<\/li>\n<\/ul>\n\n\n\n<h3 class=\"wp-block-heading\">\u00c7al\u0131\u015fma ortam\u0131 daha esnek hale geliyor, ancak kolayla\u015fm\u0131yor.<\/h3>\n\n\n\n<p class=\"wp-block-paragraph\">Hibrit \u00e7al\u0131\u015fma modelleri norm haline geliyor. \u0130\u015fe gidip gelme al\u0131\u015fkanl\u0131klar\u0131 de\u011fi\u015fiyor, ofisler k\u00fc\u00e7\u00fcl\u00fcyor ve ikamet yerleri daha \u00f6nemli hale geliyor. Ayn\u0131 zamanda, bir\u00e7ok sekt\u00f6rde performans bask\u0131s\u0131 art\u0131yor.<\/p>\n\n\n\n<p class=\"wp-block-paragraph\">Z\u00fcrih h\u00e2l\u00e2 \u00e7ekici ama ayn\u0131 zamanda zorlu bir \u015fehir.<\/p>\n\n\n\n<h3 class=\"wp-block-heading\">Ula\u015f\u0131m sekt\u00f6r\u00fc bir d\u00f6n\u00fc\u015f\u00fcm ge\u00e7iriyor.<\/h3>\n\n\n\n<p class=\"wp-block-paragraph\">Toplu ta\u015f\u0131man\u0131n geni\u015fletilmesi, trafik sakinle\u015ftirme \u00f6nlemleri ve yeni ula\u015f\u0131m konseptleri planlamay\u0131 \u015fekillendiriyor. Ara\u00e7 kullan\u0131m\u0131 ortadan kalkmayacak, ancak daha karma\u015f\u0131k hale gelecek.<\/p>\n\n\n\n<p class=\"wp-block-paragraph\">Kanton, yeni \u00e7\u00f6z\u00fcmleri sessizce ama istikrarl\u0131 bir \u015fekilde test ediyor.<\/p>\n\n\n\n<h3 class=\"wp-block-heading\">Sosyal de\u011fi\u015fim<\/h3>\n\n\n\n<p class=\"wp-block-paragraph\">N\u00fcfus ayn\u0131 anda hem daha uluslararas\u0131 hem de daha ya\u015fl\u0131 bir yap\u0131ya b\u00fcr\u00fcn\u00fcyor. Entegrasyon, e\u011fitim ve sosyal kayna\u015fma, salt b\u00fcy\u00fcme rakamlar\u0131ndan daha \u00f6nemli hale geliyor.<\/p>\n\n\n\n<h3 class=\"wp-block-heading\">Abart\u0131dan uzak dijitalle\u015fme<\/h3>\n\n\n\n<p class=\"wp-block-paragraph\">Dijital y\u00f6netim, yapay zeka destekli s\u00fcre\u00e7ler ve otomasyon, b\u00fcy\u00fck man\u015fetlere konu olmadan, pratik bir \u015fekilde art\u0131yor.<\/p>\n\n\n\n<h3 class=\"wp-block-heading\">Sonu\u00e7<\/h3>\n\n\n\n<p class=\"wp-block-paragraph\">O <a href=\"https:\/\/schweiz.blog\/tr\/kategori\/kanton-zuerich\/\" data-type=\"category\" data-id=\"3101\">Z\u00fcrih Kantonu<\/a> 2026&#039;da yeniden icat edilmeyecek. Ancak daha yo\u011fun, daha h\u0131zl\u0131 organize olmu\u015f ve sosyal a\u00e7\u0131dan daha talepkar olacak. Burada ya\u015fayanlar de\u011fi\u015fimi hissediyorlar \u2013 \u00e7o\u011fu zaman ayr\u0131nt\u0131larda.<\/p>\n\n\n\n<!-- schweiz.blog x schweiz.work -->\n<div style=\"  margin:56px 0;  padding:24px 28px;  border-left:3px solid #60a5fa;  background:rgba(255,255,255,0.02);  color:#e5e7eb;  font-family:system-ui,sans-serif;\">\n  <p style=\"margin:0 0 12px 0; font-size:15px; line-height:1.7;\">\n    Bu bloga ek olarak, ayr\u0131ca \u015funlar\u0131 da y\u00fcr\u00fct\u00fcyoruz <strong>i\u0307svi\u0307\u00e7re.i\u0307\u015f<\/strong>  \n    \u0130svi\u00e7re'de hizmetler i\u00e7in bir platform.\n  <\/p>\n\n  <p style=\"margin:0; font-size:15px;\">\n    <a href=\"https:\/\/schweiz.work\/?ref=schweizblog\" style=\"color:#93c5fd; font-weight:500; text-decoration:none;\" target=\"_blank\" rel=\"noopener\">\n      30 g\u00fcn boyunca \u00fccretsiz ilan \u2192\n    <\/a>\n  <\/p>\n<\/div>\n<!-- \/schweiz.blog x schweiz.work -->","protected":false},"excerpt":{"rendered":"Der Kanton Z\u00fcrich steht 2026 an einem Wendepunkt. Der Kanton Z\u00fcrich erlebt Ver\u00e4nderungen, die weniger spektakul\u00e4r wirken, aber&hellip;","protected":false},"author":274216737,"featured_media":1192,"comment_status":"open","ping_status":"open","sticky":false,"template":"","format":"standard","meta":{"_crdt_document":"","_jetpack_newsletter_access":"","_jetpack_dont_email_post_to_subs":true,"_jetpack_newsletter_tier_id":0,"_jetpack_memberships_contains_paywalled_content":false,"csco_display_header_overlay":false,"csco_singular_sidebar":"","csco_page_header_type":"","csco_page_load_nextpost":"","csco_page_reading_time":"","csco_page_toc_navigation":"","csco_post_video_location":[],"csco_post_video_location_hash":"","csco_post_video_url":"","csco_post_video_bg_start_time":0,"csco_post_video_bg_end_time":0,"csco_post_video_bg_volume":false,"_jetpack_memberships_contains_paid_content":false,"footnotes":"","jetpack_post_was_ever_published":false},"categories":[3101],"tags":[3276,3274,3275,3277,3130],"class_list":{"0":"post-1195","1":"post","2":"type-post","3":"status-publish","4":"format-standard","5":"has-post-thumbnail","7":"category-kanton-zuerich","8":"tag-arbeit-zuerich-2026","9":"tag-kanton-zuerich-2026","10":"tag-wohnen-zuerich-2026","11":"tag-zuerich-veraenderungen-2026","12":"tag-zuerich-zukunft","13":"cs-entry","14":"cs-video-wrap"},"jetpack_featured_media_url":"https:\/\/i0.wp.com\/schweiz.blog\/wp-content\/uploads\/2025\/12\/20251228_1456_Zuerich-Zukunftsimpulse_simple_compose_01kdjky7zafvqam5bm7bq6vsc0.png?fit=1536%2C1024&ssl=1","jetpack_sharing_enabled":true,"jetpack_shortlink":"https:\/\/wp.me\/pgWLwP-jh","_links":{"self":[{"href":"https:\/\/schweiz.blog\/tr\/wp-json\/wp\/v2\/posts\/1195","targetHints":{"allow":["GET"]}}],"collection":[{"href":"https:\/\/schweiz.blog\/tr\/wp-json\/wp\/v2\/posts"}],"about":[{"href":"https:\/\/schweiz.blog\/tr\/wp-json\/wp\/v2\/types\/post"}],"author":[{"embeddable":true,"href":"https:\/\/schweiz.blog\/tr\/wp-json\/wp\/v2\/users\/274216737"}],"replies":[{"embeddable":true,"href":"https:\/\/schweiz.blog\/tr\/wp-json\/wp\/v2\/comments?post=1195"}],"version-history":[{"count":2,"href":"https:\/\/schweiz.blog\/tr\/wp-json\/wp\/v2\/posts\/1195\/revisions"}],"predecessor-version":[{"id":1197,"href":"https:\/\/schweiz.blog\/tr\/wp-json\/wp\/v2\/posts\/1195\/revisions\/1197"}],"wp:featuredmedia":[{"embeddable":true,"href":"https:\/\/schweiz.blog\/tr\/wp-json\/wp\/v2\/media\/1192"}],"wp:attachment":[{"href":"https:\/\/schweiz.blog\/tr\/wp-json\/wp\/v2\/media?parent=1195"}],"wp:term":[{"taxonomy":"category","embeddable":true,"href":"https:\/\/schweiz.blog\/tr\/wp-json\/wp\/v2\/categories?post=1195"},{"taxonomy":"post_tag","embeddable":true,"href":"https:\/\/schweiz.blog\/tr\/wp-json\/wp\/v2\/tags?post=1195"}],"curies":[{"name":"wp","href":"https:\/\/api.w.org\/{rel}","templated":true}]}}