{"id":1276,"date":"2025-12-28T16:05:37","date_gmt":"2025-12-28T15:05:37","guid":{"rendered":"https:\/\/schweiz.blog\/?p=1276"},"modified":"2026-03-19T14:19:50","modified_gmt":"2026-03-19T13:19:50","slug":"schwyz-kantonu-en-oenemli-10-bilgi-gelenek-ve-oezel-oezellikler","status":"publish","type":"post","link":"https:\/\/schweiz.blog\/tr\/kanton-schwyz-top-10-fakten-traditionen-und-besonderheiten\/","title":{"rendered":"Schwyz Kantonu \u2013 En \u00d6nemli 10 Bilgi, Gelenek ve \u00d6zel \u00d6zellikler"},"content":{"rendered":"<p class=\"wp-block-paragraph\">O <strong><a href=\"https:\/\/schweiz.blog\/tr\/kategori\/schwyz-kantonu\/\" data-type=\"category\" data-id=\"3105\">Schwyz Kantonu<\/a><\/strong> Schwyz, \u0130svi\u00e7re&#039;nin tarihsel a\u00e7\u0131dan en \u00f6nemli kantonlar\u0131ndan biridir. Da\u011fl\u0131k b\u00f6lgeler ve b\u00fcy\u00fcyen kentsel alanlar aras\u0131nda yer alan kanton, gelenek, ba\u011f\u0131ms\u0131zl\u0131k ve g\u00fc\u00e7l\u00fc bir kimlik duygusunu temsil eder.<\/p>\n\n\n\n<h3 class=\"wp-block-heading\">\u0130lk 10&#039;a genel bak\u0131\u015f<\/h3>\n\n\n\n<p class=\"wp-block-paragraph\"><strong>1. \u0130svi\u00e7re Konfederasyonunun Be\u015fi\u011fi<\/strong><br>\u0130svi\u00e7re ad\u0131, Schwyz kantonundan gelmektedir.<\/p>\n\n\n\n<p class=\"wp-block-paragraph\"><strong>2. G\u00fc\u00e7l\u00fc geleneksel de\u011ferler<\/strong><br>Gelenekler, kul\u00fcpler ve yerel topluluklar sa\u011flam bir \u015fekilde yerle\u015fmi\u015ftir.<\/p>\n\n\n\n<p class=\"wp-block-paragraph\"><strong>3. Ya\u015fam i\u00e7in cazip bir kanton<\/strong><br>Schwyz&#039;in Z\u00fcrih ve Zug&#039;a yak\u0131nl\u0131\u011f\u0131 onu pop\u00fcler k\u0131l\u0131yor.<\/p>\n\n\n\n<p class=\"wp-block-paragraph\"><strong>4. Vergi a\u00e7\u0131s\u0131ndan avantajl\u0131<\/strong><br>D\u00fc\u015f\u00fck vergiler yeni gelenleri cezbediyor.<\/p>\n\n\n\n<p class=\"wp-block-paragraph\"><strong>5. Manzaralar\u0131n b\u00fcy\u00fck \u00e7e\u015fitlili\u011fi<\/strong><br>K\u00fc\u00e7\u00fck bir alanda g\u00f6ller, da\u011flar ve vadiler.<\/p>\n\n\n\n<p class=\"wp-block-paragraph\"><strong>6. Y\u00fcksek d\u00fczeyde belediye \u00f6zerkli\u011fi<\/strong><br>Yerel kararlar b\u00fcy\u00fck \u00f6nem ta\u015f\u0131r.<\/p>\n\n\n\n<p class=\"wp-block-paragraph\"><strong>7. Giderek b\u00fcy\u00fcyen banliy\u00f6 kantonu<\/strong><br>Bir\u00e7o\u011fu kanton d\u0131\u015f\u0131nda \u00e7al\u0131\u015f\u0131yor.<\/p>\n\n\n\n<p class=\"wp-block-paragraph\"><strong>8. B\u00f6lgesel odakl\u0131 turizm<\/strong><br>Do\u011fa ve bo\u015f zaman aktiviteleri bir\u00e7ok b\u00f6lgenin ay\u0131rt edici \u00f6zelli\u011fidir.<\/p>\n\n\n\n<p class=\"wp-block-paragraph\"><strong>9. Muhafazakar siyasi k\u00fclt\u00fcr<\/strong><br>H\u0131zl\u0131 reformlara kar\u015f\u0131 ki\u015fisel sorumluluk ve itidal.<\/p>\n\n\n\n<p class=\"wp-block-paragraph\"><strong>10. Y\u00fcksek ya\u015fam kalitesi<\/strong><br>Do\u011fa, g\u00fcvenlik ve topluluk her \u015feyden \u00f6nemlidir.<\/p>\n\n\n\n<h3 class=\"wp-block-heading\">Bu ilk 10 Schwyz \u015feklinin nedenleri<\/h3>\n\n\n\n<p class=\"wp-block-paragraph\">Schwyz kantonu tarihiyle varl\u0131\u011f\u0131n\u0131 s\u00fcrd\u00fcr\u00fcyor, ancak ekonomik olarak da cazip ve dinamik bir yap\u0131ya sahip.<\/p>\n\n\n\n<!-- schweiz.blog x schweiz.work -->\n<div style=\"  margin:56px 0;  padding:24px 28px;  border-left:3px solid #60a5fa;  background:rgba(255,255,255,0.02);  color:#e5e7eb;  font-family:system-ui,sans-serif;\">\n  <p style=\"margin:0 0 12px 0; font-size:15px; line-height:1.7;\">\n    Bu bloga ek olarak, ayr\u0131ca \u015funlar\u0131 da y\u00fcr\u00fct\u00fcyoruz <strong>i\u0307svi\u0307\u00e7re.i\u0307\u015f<\/strong>  \n    \u0130svi\u00e7re'de hizmetler i\u00e7in bir platform.\n  <\/p>\n\n  <p style=\"margin:0; font-size:15px;\">\n    <a href=\"https:\/\/schweiz.work\/?ref=schweizblog\" style=\"color:#93c5fd; font-weight:500; text-decoration:none;\" target=\"_blank\" rel=\"noopener\">\n      30 g\u00fcn boyunca \u00fccretsiz ilan \u2192\n    <\/a>\n  <\/p>\n<\/div>\n<!-- \/schweiz.blog x schweiz.work -->","protected":false},"excerpt":{"rendered":"Der Kanton Schwyz geh\u00f6rt zu den historisch bedeutendsten Kantonen der Schweiz. Der Kanton Schwyz steht f\u00fcr Tradition, Eigenst\u00e4ndigkeit&hellip;","protected":false},"author":274216737,"featured_media":1279,"comment_status":"open","ping_status":"open","sticky":false,"template":"","format":"standard","meta":{"_crdt_document":"","_jetpack_newsletter_access":"","_jetpack_dont_email_post_to_subs":true,"_jetpack_newsletter_tier_id":0,"_jetpack_memberships_contains_paywalled_content":false,"csco_display_header_overlay":false,"csco_singular_sidebar":"","csco_page_header_type":"","csco_page_load_nextpost":"","csco_page_reading_time":"","csco_page_toc_navigation":"","csco_post_video_location":[],"csco_post_video_location_hash":"","csco_post_video_url":"","csco_post_video_bg_start_time":0,"csco_post_video_bg_end_time":0,"csco_post_video_bg_volume":false,"_jetpack_memberships_contains_paid_content":false,"footnotes":"","jetpack_post_was_ever_published":false},"categories":[3105],"tags":[3197,3194,3363,3361,3362],"class_list":{"0":"post-1276","1":"post","2":"type-post","3":"status-publish","4":"format-standard","5":"has-post-thumbnail","7":"category-kanton-schwyz","8":"tag-kanton-schwyz","9":"tag-leben-im-kanton-schwyz","10":"tag-schwyz-besonderheiten","11":"tag-schwyz-fakten","12":"tag-top-10-kanton-schwyz","13":"cs-entry","14":"cs-video-wrap"},"jetpack_featured_media_url":"https:\/\/i0.wp.com\/schweiz.blog\/wp-content\/uploads\/2025\/12\/20251228_1604_Schwyz-Minimalismus_simple_compose_01kdjqsb9qebgr14f0mgvrekvm.png?fit=1536%2C1024&ssl=1","jetpack_sharing_enabled":true,"jetpack_shortlink":"https:\/\/wp.me\/pgWLwP-kA","_links":{"self":[{"href":"https:\/\/schweiz.blog\/tr\/wp-json\/wp\/v2\/posts\/1276","targetHints":{"allow":["GET"]}}],"collection":[{"href":"https:\/\/schweiz.blog\/tr\/wp-json\/wp\/v2\/posts"}],"about":[{"href":"https:\/\/schweiz.blog\/tr\/wp-json\/wp\/v2\/types\/post"}],"author":[{"embeddable":true,"href":"https:\/\/schweiz.blog\/tr\/wp-json\/wp\/v2\/users\/274216737"}],"replies":[{"embeddable":true,"href":"https:\/\/schweiz.blog\/tr\/wp-json\/wp\/v2\/comments?post=1276"}],"version-history":[{"count":3,"href":"https:\/\/schweiz.blog\/tr\/wp-json\/wp\/v2\/posts\/1276\/revisions"}],"predecessor-version":[{"id":1281,"href":"https:\/\/schweiz.blog\/tr\/wp-json\/wp\/v2\/posts\/1276\/revisions\/1281"}],"wp:featuredmedia":[{"embeddable":true,"href":"https:\/\/schweiz.blog\/tr\/wp-json\/wp\/v2\/media\/1279"}],"wp:attachment":[{"href":"https:\/\/schweiz.blog\/tr\/wp-json\/wp\/v2\/media?parent=1276"}],"wp:term":[{"taxonomy":"category","embeddable":true,"href":"https:\/\/schweiz.blog\/tr\/wp-json\/wp\/v2\/categories?post=1276"},{"taxonomy":"post_tag","embeddable":true,"href":"https:\/\/schweiz.blog\/tr\/wp-json\/wp\/v2\/tags?post=1276"}],"curies":[{"name":"wp","href":"https:\/\/api.w.org\/{rel}","templated":true}]}}