{"id":1089,"date":"2025-12-28T02:13:22","date_gmt":"2025-12-28T01:13:22","guid":{"rendered":"https:\/\/schweiz.blog\/?p=1089"},"modified":"2026-03-19T14:17:44","modified_gmt":"2026-03-19T13:17:44","slug":"bang-bern-chinh-tri-khu-vuc-va-nhip-song-khac-biet","status":"publish","type":"post","link":"https:\/\/schweiz.blog\/vi\/kanton-bern-politik-regionen-und-das-andere-tempo\/","title":{"rendered":"Bang Bern \u2013 Ch\u00ednh tr\u1ecb, c\u00e1c v\u00f9ng mi\u1ec1n v\u00e0 m\u1ed9t nh\u1ecbp s\u1ed1ng kh\u00e1c bi\u1ec7t"},"content":{"rendered":"<p class=\"wp-block-paragraph\">C\u00e1i <strong><a href=\"https:\/\/schweiz.blog\/vi\/loai\/bang-bern\/\" data-type=\"category\" data-id=\"3102\">Canton Bern<\/a><\/strong> N\u01a1i \u0111\u00e2y k\u1ebft h\u1ee3p quy\u1ec1n l\u1ef1c ch\u00ednh tr\u1ecb, nh\u1eefng v\u00f9ng n\u00f4ng th\u00f4n r\u1ed9ng l\u1edbn v\u00e0 th\u1ef1c t\u1ebf v\u00f9ng n\u00fai cao. Bang Bern kh\u00f4ng ch\u1ec9 l\u00e0 trung t\u00e2m ch\u00ednh tr\u1ecb li\u00ean bang m\u00e0 c\u00f2n l\u00e0 m\u1ed9t trong nh\u1eefng bang \u0111a d\u1ea1ng nh\u1ea5t \u1edf Th\u1ee5y S\u0129 \u2013 v\u1ec1 \u0111\u1ecba l\u00fd, v\u0103n h\u00f3a v\u00e0 x\u00e3 h\u1ed9i.<\/p>\n\n\n\n<h3 class=\"wp-block-heading\">Trung t\u00e2m ch\u00ednh tr\u1ecb n\u1eb1m c\u00e1ch xa nh\u1ecbp s\u1ed1ng h\u1ed1i h\u1ea3.<\/h3>\n\n\n\n<p class=\"wp-block-paragraph\">L\u00e0 n\u01a1i \u0111\u1eb7t T\u00f2a nh\u00e0 Qu\u1ed1c h\u1ed9i Li\u00ean bang, Bern n\u1eb1m \u1edf trung t\u00e2m Th\u1ee5y S\u0129. <a href=\"https:\/\/schweiz.blog\/vi\/loai\/chinh-sach\/\" data-type=\"category\" data-id=\"2726\">Ch\u00ednh tr\u1ecb<\/a>. Tuy nhi\u00ean, phong c\u00e1ch ch\u00ednh tr\u1ecb \u1edf \u0111\u00e2y kh\u00e1c bi\u1ec7t r\u00f5 r\u1ec7t so v\u1edbi c\u00e1c bang \u0111\u00f4 th\u1ecb h\u00f3a h\u01a1n. C\u00e1c quy\u1ebft \u0111\u1ecbnh th\u01b0\u1eddng c\u00f3 v\u1ebb th\u1eadn tr\u1ecdng h\u01a1n, quy tr\u00ecnh ch\u1eadm h\u01a1n \u2013 nh\u01b0ng b\u00f9 l\u1ea1i, ch\u00fang \u1ed5n \u0111\u1ecbnh v\u00e0 h\u01b0\u1edbng \u0111\u1ebfn s\u1ef1 \u0111\u1ed3ng thu\u1eadn.<\/p>\n\n\n\n<p class=\"wp-block-paragraph\">Th\u00e1i \u0111\u1ed9 n\u00e0y c\u0169ng \u0111\u1ecbnh h\u00ecnh n\u00ean d\u00e2n s\u1ed1: th\u1ef1c t\u1ebf, k\u00edn \u0111\u00e1o, th\u01b0\u1eddng ho\u00e0i nghi v\u1ec1 nh\u1eefng thay \u0111\u1ed5i nhanh ch\u00f3ng.<\/p>\n\n\n\n<h3 class=\"wp-block-heading\">S\u1ef1 \u0111a d\u1ea1ng khu v\u1ef1c l\u00e0 m\u1ed9t th\u1ebf m\u1ea1nh<\/h3>\n\n\n\n<p class=\"wp-block-paragraph\">Hi\u1ebfm c\u00f3 bang n\u00e0o kh\u00e1c l\u1ea1i k\u1ebft h\u1ee3p nhi\u1ec1u m\u00f4i tr\u01b0\u1eddng s\u1ed1ng kh\u00e1c nhau \u0111\u1ebfn v\u1eady:<\/p>\n\n\n\n<ul class=\"wp-block-list\">\n<li>Th\u00e0nh ph\u1ed1 <a href=\"https:\/\/schweiz.blog\/vi\/loai\/bang-bern\/\" data-type=\"category\" data-id=\"3102\">Bern<\/a> v\u1edbi qu\u1ea3n tr\u1ecb v\u00e0 v\u0103n h\u00f3a<\/li>\n\n\n\n<li>Cao nguy\u00ean Th\u1ee5y S\u0129 v\u1edbi n\u00f4ng nghi\u1ec7p v\u00e0 c\u00f4ng nghi\u1ec7p.<\/li>\n\n\n\n<li>V\u00f9ng Bernese Oberland v\u1edbi du l\u1ecbch v\u00e0 nh\u1eefng th\u00e1ch th\u1ee9c leo n\u00fai.<\/li>\n<\/ul>\n\n\n\n<p class=\"wp-block-paragraph\">S\u1ef1 \u0111a d\u1ea1ng n\u00e0y mang l\u1ea1i c\u01a1 h\u1ed9i, nh\u01b0ng c\u0169ng t\u1ea1o ra nh\u1eefng c\u0103ng th\u1eb3ng gi\u1eefa trung t\u00e2m v\u00e0 v\u00f9ng ngo\u1ea1i vi.<\/p>\n\n\n\n<h3 class=\"wp-block-heading\">Kinh t\u1ebf kh\u00f4ng c\u00f2n l\u00e0 t\u00e2m \u0111i\u1ec3m ch\u00fa \u00fd<\/h3>\n\n\n\n<p class=\"wp-block-paragraph\">C\u00e1i <a href=\"https:\/\/schweiz.blog\/vi\/loai\/bang-bern\/\" data-type=\"category\" data-id=\"3102\">Canton Bern<\/a> \u00edt g\u00e2y ti\u1ebfng \u1ed3n v\u1ec1 m\u1eb7t kinh t\u1ebf h\u01a1n so v\u1edbi<a href=\"https:\/\/schweiz.blog\/vi\/tag\/kanton-zuerich\/\" data-type=\"post_tag\" data-id=\"3127\"> Zurich<\/a>, Nh\u01b0ng \u1ed5n \u0111\u1ecbnh. H\u00e0nh ch\u00ednh, y t\u1ebf, c\u01a1 kh\u00ed, n\u00f4ng nghi\u1ec7p v\u00e0 du l\u1ecbch t\u1ea1o th\u00e0nh x\u01b0\u01a1ng s\u1ed1ng c\u1ee7a n\u1ec1n kinh t\u1ebf. Nhi\u1ec1u khu v\u1ef1c ch\u1ee7 \u0111\u1ed9ng t\u1eadp trung v\u00e0o ph\u00e1t tri\u1ec3n b\u1ec1n v\u1eefng thay v\u00ec t\u0103ng tr\u01b0\u1edfng nhanh ch\u00f3ng.<\/p>\n\n\n\n<h3 class=\"wp-block-heading\">S\u1ef1 g\u1eafn k\u1ebft x\u00e3 h\u1ed9i<\/h3>\n\n\n\n<p class=\"wp-block-paragraph\">So v\u1edbi c\u00e1c bang \u0111\u00f4 th\u1ecb, s\u1ef1 g\u1eafn k\u1ebft x\u00e3 h\u1ed9i \u0111\u01b0\u1ee3c cho l\u00e0 cao h\u01a1n \u1edf... <a href=\"https:\/\/schweiz.blog\/vi\/loai\/bang-bern\/\" data-type=\"category\" data-id=\"3102\">Canton Bern<\/a> \u1edf m\u1ee9c cao. C\u00e1c c\u00e2u l\u1ea1c b\u1ed9, c\u1ed9ng \u0111\u1ed3ng v\u00e0 b\u1ea3n s\u1eafc v\u00f9ng mi\u1ec1n \u0111\u00f3ng vai tr\u00f2 quan tr\u1ecdng. \u0110\u1ed3ng th\u1eddi, m\u1ed9t s\u1ed1 v\u00f9ng \u0111ang ph\u1ea3i \u0111\u1ed1i m\u1eb7t v\u1edbi v\u1ea5n \u0111\u1ec1 di c\u01b0 v\u00e0 d\u00e2n s\u1ed1 gi\u00e0 h\u00f3a.<\/p>\n\n\n\n<h3 class=\"wp-block-heading\">Nh\u00ecn v\u1ec1 ph\u00eda tr\u01b0\u1edbc<\/h3>\n\n\n\n<p class=\"wp-block-paragraph\">C\u00e1i <a href=\"https:\/\/schweiz.blog\/vi\/loai\/bang-bern\/\" data-type=\"category\" data-id=\"3102\">Canton Bern<\/a> \u0110i\u1ec1u n\u00e0y minh h\u1ecda m\u1ed9t c\u00e2u h\u1ecfi tr\u1ecdng t\u00e2m \u0111\u1ed1i v\u1edbi Th\u1ee5y S\u0129: L\u00e0m th\u1ebf n\u00e0o \u0111\u1ec3 dung h\u00f2a gi\u1eefa truy\u1ec1n th\u1ed1ng, c\u1ea5u tr\u00fac li\u00ean bang v\u00e0 c\u00e1c y\u00eau c\u1ea7u hi\u1ec7n \u0111\u1ea1i? C\u00e2u tr\u1ea3 l\u1eddi \u1edf \u0111\u00e2y th\u01b0\u1eddng kh\u00f4ng \u0111\u01b0\u1ee3c n\u00eau r\u00f5 r\u00e0ng \u2013 nh\u01b0ng kh\u00f4ng k\u00e9m ph\u1ea7n quan tr\u1ecdng.<\/p>\n\n\n\n<!-- schweiz.blog x schweiz.work -->\n<div style=\"  margin:48px 0;  padding:28px 32px;  border-radius:16px;  background:linear-gradient(180deg,#0f172a,#020617);  border:1px solid rgba(255,255,255,0.08);  color:#e5e7eb;  font-family:system-ui,-apple-system,BlinkMacSystemFont,'Segoe UI',sans-serif;\">\n  <span style=\"    display:inline-block;    font-size:12px;    letter-spacing:0.08em;    text-transform:uppercase;    color:#93c5fd;    margin-bottom:12px;  \">\n    schweiz.blog \u00d7 schweiz.work\n  <\/span>\n\n  <h3 style=\"margin:0 0 10px 0; font-size:20px; font-weight:600;\">\n    Vi\u1ec7c l\u00e0m v\u00e0 d\u1ecbch v\u1ee5 t\u1ea1i Th\u1ee5y S\u0129\n  <\/h3>\n\n  <p style=\"margin:0 0 18px 0; font-size:15px; line-height:1.6; color:#cbd5f5;\">\n    TR\u00caN <strong>schweiz.work<\/strong> T\u00ecm ki\u1ebfm d\u1ecbch v\u1ee5 t\u1eeb Th\u1ee5y S\u0129 \u2013 hay b\u1ea1n c\u00f3 th\u1ec3 t\u1ef1 m\u00ecnh th\u1ef1c hi\u1ec7n? <strong>B\u1ea1n c\u00f3 th\u1ec3 \u0111\u0103ng m\u1ed9t qu\u1ea3ng c\u00e1o mi\u1ec5n ph\u00ed trong 30 ng\u00e0y.<\/strong> xu\u1ea5t b\u1ea3n.\n  <\/p>\n\n  <a href=\"https:\/\/schweiz.work\/?ref=schweizblog\" style=\"       display:inline-block;       padding:10px 16px;       border-radius:10px;       background:#ffffff;       color:#020617;       font-weight:600;       font-size:14px;       text-decoration:none;     \" target=\"_blank\" rel=\"noopener\">\n    Truy c\u1eadp schweiz.work \u2192\n  <\/a>\n<\/div>\n<!-- \/schweiz.blog x schweiz.work -->","protected":false},"excerpt":{"rendered":"Der Kanton Bern vereint politische Macht, l\u00e4ndliche Weite und alpine Realit\u00e4t. Der Kanton Bern ist nicht nur Sitz&hellip;","protected":false},"author":274216737,"featured_media":1086,"comment_status":"open","ping_status":"open","sticky":false,"template":"","format":"standard","meta":{"_crdt_document":"","_jetpack_newsletter_access":"","_jetpack_dont_email_post_to_subs":true,"_jetpack_newsletter_tier_id":0,"_jetpack_memberships_contains_paywalled_content":false,"csco_display_header_overlay":false,"csco_singular_sidebar":"","csco_page_header_type":"","csco_page_load_nextpost":"","csco_page_reading_time":"","csco_page_toc_navigation":"","csco_post_video_location":[],"csco_post_video_location_hash":"","csco_post_video_url":"","csco_post_video_bg_start_time":0,"csco_post_video_bg_end_time":0,"csco_post_video_bg_volume":false,"_jetpack_memberships_contains_paid_content":false,"footnotes":"","jetpack_post_was_ever_published":false},"categories":[3102],"tags":[3134,3138,3133,3136,3135,3137],"class_list":{"0":"post-1089","1":"post","2":"type-post","3":"status-publish","4":"format-standard","5":"has-post-thumbnail","7":"category-kanton-bern","8":"tag-bern-politik","9":"tag-bern-zukunft","10":"tag-berner-oberland-gesellschaft","11":"tag-kanton-bern","12":"tag-kanton-bern-regionen","13":"tag-leben-im-kanton-bern","14":"cs-entry","15":"cs-video-wrap"},"jetpack_featured_media_url":"https:\/\/i0.wp.com\/schweiz.blog\/wp-content\/uploads\/2025\/12\/20251228_0115_Bernische-Impressionen_simple_compose_01kdh4y4yze1tamzeeevgxbqzr.png?fit=1536%2C1024&ssl=1","jetpack_sharing_enabled":true,"jetpack_shortlink":"https:\/\/wp.me\/pgWLwP-hz","_links":{"self":[{"href":"https:\/\/schweiz.blog\/vi\/wp-json\/wp\/v2\/posts\/1089","targetHints":{"allow":["GET"]}}],"collection":[{"href":"https:\/\/schweiz.blog\/vi\/wp-json\/wp\/v2\/posts"}],"about":[{"href":"https:\/\/schweiz.blog\/vi\/wp-json\/wp\/v2\/types\/post"}],"author":[{"embeddable":true,"href":"https:\/\/schweiz.blog\/vi\/wp-json\/wp\/v2\/users\/274216737"}],"replies":[{"embeddable":true,"href":"https:\/\/schweiz.blog\/vi\/wp-json\/wp\/v2\/comments?post=1089"}],"version-history":[{"count":3,"href":"https:\/\/schweiz.blog\/vi\/wp-json\/wp\/v2\/posts\/1089\/revisions"}],"predecessor-version":[{"id":1092,"href":"https:\/\/schweiz.blog\/vi\/wp-json\/wp\/v2\/posts\/1089\/revisions\/1092"}],"wp:featuredmedia":[{"embeddable":true,"href":"https:\/\/schweiz.blog\/vi\/wp-json\/wp\/v2\/media\/1086"}],"wp:attachment":[{"href":"https:\/\/schweiz.blog\/vi\/wp-json\/wp\/v2\/media?parent=1089"}],"wp:term":[{"taxonomy":"category","embeddable":true,"href":"https:\/\/schweiz.blog\/vi\/wp-json\/wp\/v2\/categories?post=1089"},{"taxonomy":"post_tag","embeddable":true,"href":"https:\/\/schweiz.blog\/vi\/wp-json\/wp\/v2\/tags?post=1089"}],"curies":[{"name":"wp","href":"https:\/\/api.w.org\/{rel}","templated":true}]}}