{"id":1137,"date":"2025-12-28T13:06:57","date_gmt":"2025-12-28T12:06:57","guid":{"rendered":"https:\/\/schweiz.blog\/?p=1137"},"modified":"2026-03-19T14:20:13","modified_gmt":"2026-03-19T13:20:13","slug":"bang-freiburg-song-ngu-can-bang-va-cuoc-song-thuong-nhat-o-thuy-si","status":"publish","type":"post","link":"https:\/\/schweiz.blog\/vi\/kanton-freiburg-zweisprachigkeit-balance-und-schweizer-alltag\/","title":{"rendered":"Bang Fribourg \u2013 Song ng\u1eef, C\u00e2n b\u1eb1ng v\u00e0 Cu\u1ed9c s\u1ed1ng th\u01b0\u1eddng nh\u1eadt \u1edf Th\u1ee5y S\u0129"},"content":{"rendered":"<p class=\"wp-block-paragraph\">C\u00e1i <strong><a href=\"https:\/\/schweiz.blog\/vi\/loai\/bang-freiburg\/\" data-type=\"category\" data-id=\"3110\">Canton Fribourg<\/a><\/strong> Fribourg \u0111\u00f3ng m\u1ed9t vai tr\u00f2 \u0111\u1eb7c bi\u1ec7t \u1edf Th\u1ee5y S\u0129. Bang Fribourg l\u00e0 s\u1ef1 k\u1ebft h\u1ee3p gi\u1eefa v\u0103n h\u00f3a \u0110\u1ee9c v\u00e0 Ph\u00e1p, \u0111\u01b0\u1ee3c coi l\u00e0 c\u1ea7u n\u1ed1i gi\u1eefa hai n\u1ec1n v\u0103n h\u00f3a \u0111\u1ecbnh h\u00ecnh n\u00ean \u0111\u1ea5t n\u01b0\u1edbc n\u00e0y.<\/p>\n\n\n\n<h3 class=\"wp-block-heading\">Song ng\u1eef trong cu\u1ed9c s\u1ed1ng th\u01b0\u1eddng nh\u1eadt<\/h3>\n\n\n\n<p class=\"wp-block-paragraph\">T\u1ea1i Freiburg, song ng\u1eef kh\u00f4ng ph\u1ea3i l\u00e0 v\u1ea5n \u0111\u1ec1 tranh lu\u1eadn ch\u00ednh tr\u1ecb m\u00e0 l\u00e0 m\u1ed9t th\u1ef1c t\u1ebf. Tr\u01b0\u1eddng h\u1ecdc, ch\u00ednh quy\u1ec1n v\u00e0 ng\u01b0\u1eddi d\u00e2n t\u1ef1 nhi\u00ean s\u1eed d\u1ee5ng ti\u1ebfng \u0110\u1ee9c v\u00e0 ti\u1ebfng Ph\u00e1p. S\u1ef1 g\u1ea7n g\u0169i n\u00e0y th\u00fac \u0111\u1ea9y s\u1ef1 hi\u1ec3u bi\u1ebft, nh\u01b0ng c\u0169ng \u0111\u00f2i h\u1ecfi s\u1ef1 ph\u1ed1i h\u1ee3p li\u00ean t\u1ee5c.<\/p>\n\n\n\n<p class=\"wp-block-paragraph\">\u0110i\u1ec1u n\u00e0y \u0111\u1eb7c bi\u1ec7t d\u1ec5 th\u1ea5y:<\/p>\n\n\n\n<ul class=\"wp-block-list\">\n<li>trong h\u1ec7 th\u1ed1ng gi\u00e1o d\u1ee5c<\/li>\n\n\n\n<li>trong ch\u00ednh tr\u1ecb<\/li>\n\n\n\n<li>trong th\u1ecb tr\u01b0\u1eddng lao \u0111\u1ed9ng<\/li>\n<\/ul>\n\n\n\n<p class=\"wp-block-paragraph\">Do \u0111\u00f3, Freiburg \u0111\u01b0\u1ee3c coi l\u00e0 m\u1ed9t bang c\u00f3 nh\u1eefng n\u1ed7 l\u1ef1c h\u1ed9i nh\u1eadp m\u1ea1nh m\u1ebd.<\/p>\n\n\n\n<h3 class=\"wp-block-heading\">Cu\u1ed9c s\u1ed1ng gi\u1eefa th\u00e0nh th\u1ecb v\u00e0 n\u00f4ng th\u00f4n<\/h3>\n\n\n\n<p class=\"wp-block-paragraph\">V\u00f9ng n\u00e0y ch\u1ee7 y\u1ebfu l\u00e0 n\u00f4ng th\u00f4n, v\u1edbi r\u1ea5t \u00edt trung t\u00e2m \u0111\u00f4 th\u1ecb. Th\u00e0nh ph\u1ed1 Fribourg \u0111\u00f3ng vai tr\u00f2 l\u00e0 trung t\u00e2m v\u0103n h\u00f3a v\u00e0 h\u00e0nh ch\u00ednh, trong khi nhi\u1ec1u \u0111\u00f4 th\u1ecb kh\u00e1c ch\u1ee7 y\u1ebfu d\u1ef1a v\u00e0o n\u00f4ng nghi\u1ec7p.<\/p>\n\n\n\n<p class=\"wp-block-paragraph\">C\u1ea5u tr\u00fac n\u00e0y \u0111\u1ea3m b\u1ea3o:<\/p>\n\n\n\n<ul class=\"wp-block-list\">\n<li>chi ph\u00ed sinh ho\u1ea1t v\u1eeba ph\u1ea3i<\/li>\n\n\n\n<li>s\u1ef1 g\u1eafn k\u1ebft x\u00e3 h\u1ed9i ch\u1eb7t ch\u1ebd<\/li>\n\n\n\n<li>ch\u1ea5t l\u01b0\u1ee3ng cu\u1ed9c s\u1ed1ng cao<\/li>\n<\/ul>\n\n\n\n<h3 class=\"wp-block-heading\">C\u1ea5u tr\u00fac kinh t\u1ebf<\/h3>\n\n\n\n<p class=\"wp-block-paragraph\">N\u00f4ng nghi\u1ec7p, c\u00f4ng nghi\u1ec7p th\u1ef1c ph\u1ea9m, gi\u00e1o d\u1ee5c v\u00e0 h\u00e0nh ch\u00ednh c\u00f4ng \u0111\u1ecbnh h\u00ecnh n\u1ec1n kinh t\u1ebf. Freiburg kh\u00f4ng ph\u1ea3i l\u00e0 \u0111i\u1ec3m n\u00f3ng t\u0103ng tr\u01b0\u1edfng, nh\u01b0ng l\u00e0 m\u1ed9t bang \u1ed5n \u0111\u1ecbnh v\u1edbi c\u1ea5u tr\u00fac \u0111\u00e1ng tin c\u1eady.<\/p>\n\n\n\n<p class=\"wp-block-paragraph\">Ch\u00ednh s\u1ef1 \u1ed5n \u0111\u1ecbnh n\u00e0y \u0111\u00e3 l\u00e0m cho n\u01a1i \u0111\u00e2y tr\u1edf n\u00ean h\u1ea5p d\u1eabn \u0111\u1ed1i v\u1edbi c\u00e1c gia \u0111\u00ecnh v\u00e0 sinh vi\u00ean.<\/p>\n\n\n\n<h3 class=\"wp-block-heading\">\u0110\u1ed9ng l\u1ef1c x\u00e3 h\u1ed9i<\/h3>\n\n\n\n<p class=\"wp-block-paragraph\">Bang Fribourg \u0111\u01b0\u1ee3c coi l\u00e0 m\u1ed9t khu v\u1ef1c c\u00e2n b\u1eb1ng, \u00f4n h\u00f2a v\u00e0 s\u1eb5n s\u00e0ng th\u1ecfa hi\u1ec7p. Nh\u1eefng bi\u1ebfn \u0111\u1ed9ng ch\u00ednh tr\u1ecb c\u1ef1c \u0111oan r\u1ea5t hi\u1ebfm khi x\u1ea3y ra. C\u00e1c thay \u0111\u1ed5i di\u1ec5n ra d\u1ea7n d\u1ea7n v\u00e0 th\u01b0\u1eddng h\u01b0\u1edbng \u0111\u1ebfn s\u1ef1 \u0111\u1ed3ng thu\u1eadn.<\/p>\n\n\n\n<h3 class=\"wp-block-heading\">Tri\u1ec3n v\u1ecdng t\u01b0\u01a1ng lai<\/h3>\n\n\n\n<p class=\"wp-block-paragraph\"><a href=\"https:\/\/schweiz.blog\/vi\/loai\/bang-freiburg\/\" data-type=\"category\" data-id=\"3110\">Freiburg <\/a>S\u1ee9c m\u1ea1nh c\u1ee7a n\u00f3 n\u1eb1m \u1edf vai tr\u00f2 trung gian h\u00f2a gi\u1ea3i. Trong m\u1ed9t th\u1ebf gi\u1edbi ng\u00e0y c\u00e0ng ph\u00e2n c\u1ef1c, kh\u1ea3 n\u0103ng n\u00e0y c\u00f3 th\u1ec3 tr\u1edf n\u00ean quan tr\u1ecdng h\u01a1n \u2013 \u0111\u1ed1i v\u1edbi bang n\u00e0y v\u00e0 \u0111\u1ed1i v\u1edbi to\u00e0n b\u1ed9 Th\u1ee5y S\u0129.<\/p>\n\n\n\n<!-- schweiz.blog x schweiz.work -->\n<div style=\"  margin:56px 0;  padding:24px 28px;  border-left:3px solid #60a5fa;  background:rgba(255,255,255,0.02);  color:#e5e7eb;  font-family:system-ui,sans-serif;\">\n  <p style=\"margin:0 0 12px 0; font-size:15px; line-height:1.7;\">\n    Ngo\u00e0i blog n\u00e0y, ch\u00fang t\u00f4i c\u00f2n v\u1eadn h\u00e0nh <strong>schweiz.work<\/strong>  \n    m\u1ed9t n\u1ec1n t\u1ea3ng cung c\u1ea5p d\u1ecbch v\u1ee5 t\u1ea1i Th\u1ee5y S\u0129.\n  <\/p>\n\n  <p style=\"margin:0; font-size:15px;\">\n    <a href=\"https:\/\/schweiz.work\/?ref=schweizblog\" style=\"color:#93c5fd; font-weight:500; text-decoration:none;\" target=\"_blank\" rel=\"noopener\">\n      1 qu\u1ea3ng c\u00e1o mi\u1ec5n ph\u00ed trong 30 ng\u00e0y \u2192\n    <\/a>\n  <\/p>\n<\/div>\n<!-- \/schweiz.blog x schweiz.work -->","protected":false},"excerpt":{"rendered":"Der Kanton Freiburg nimmt in der Schweiz eine besondere Rolle ein. Der Kanton Freiburg verbindet deutsch- und franz\u00f6sischsprachige&hellip;","protected":false},"author":274216737,"featured_media":1140,"comment_status":"open","ping_status":"open","sticky":false,"template":"","format":"standard","meta":{"_crdt_document":"","_jetpack_newsletter_access":"","_jetpack_dont_email_post_to_subs":true,"_jetpack_newsletter_tier_id":0,"_jetpack_memberships_contains_paywalled_content":false,"csco_display_header_overlay":false,"csco_singular_sidebar":"","csco_page_header_type":"","csco_page_load_nextpost":"","csco_page_reading_time":"","csco_page_toc_navigation":"","csco_post_video_location":[],"csco_post_video_location_hash":"","csco_post_video_url":"","csco_post_video_bg_start_time":0,"csco_post_video_bg_end_time":0,"csco_post_video_bg_volume":false,"_jetpack_memberships_contains_paid_content":false,"footnotes":"","jetpack_post_was_ever_published":false},"categories":[3110],"tags":[3205,3203,3201,3202,3204,3200],"class_list":{"0":"post-1137","1":"post","2":"type-post","3":"status-publish","4":"format-standard","5":"has-post-thumbnail","7":"category-kanton-freiburg","8":"tag-freiburg-gesellschaft","9":"tag-freiburg-region","10":"tag-freiburg-wirtschaft","11":"tag-freiburg-zweisprachigkeit","12":"tag-kanton-freiburg","13":"tag-leben-im-kanton-freiburg","14":"cs-entry","15":"cs-video-wrap"},"jetpack_featured_media_url":"https:\/\/i0.wp.com\/schweiz.blog\/wp-content\/uploads\/2025\/12\/20251228_1304_Zweisprachige-Balance_simple_compose_01kdjdh95kekzr8spg0ys022k3.png?fit=1536%2C1024&ssl=1","jetpack_sharing_enabled":true,"jetpack_shortlink":"https:\/\/wp.me\/pgWLwP-il","_links":{"self":[{"href":"https:\/\/schweiz.blog\/vi\/wp-json\/wp\/v2\/posts\/1137","targetHints":{"allow":["GET"]}}],"collection":[{"href":"https:\/\/schweiz.blog\/vi\/wp-json\/wp\/v2\/posts"}],"about":[{"href":"https:\/\/schweiz.blog\/vi\/wp-json\/wp\/v2\/types\/post"}],"author":[{"embeddable":true,"href":"https:\/\/schweiz.blog\/vi\/wp-json\/wp\/v2\/users\/274216737"}],"replies":[{"embeddable":true,"href":"https:\/\/schweiz.blog\/vi\/wp-json\/wp\/v2\/comments?post=1137"}],"version-history":[{"count":2,"href":"https:\/\/schweiz.blog\/vi\/wp-json\/wp\/v2\/posts\/1137\/revisions"}],"predecessor-version":[{"id":1141,"href":"https:\/\/schweiz.blog\/vi\/wp-json\/wp\/v2\/posts\/1137\/revisions\/1141"}],"wp:featuredmedia":[{"embeddable":true,"href":"https:\/\/schweiz.blog\/vi\/wp-json\/wp\/v2\/media\/1140"}],"wp:attachment":[{"href":"https:\/\/schweiz.blog\/vi\/wp-json\/wp\/v2\/media?parent=1137"}],"wp:term":[{"taxonomy":"category","embeddable":true,"href":"https:\/\/schweiz.blog\/vi\/wp-json\/wp\/v2\/categories?post=1137"},{"taxonomy":"post_tag","embeddable":true,"href":"https:\/\/schweiz.blog\/vi\/wp-json\/wp\/v2\/tags?post=1137"}],"curies":[{"name":"wp","href":"https:\/\/api.w.org\/{rel}","templated":true}]}}