{"id":1145,"date":"2025-12-28T13:11:46","date_gmt":"2025-12-28T12:11:46","guid":{"rendered":"https:\/\/schweiz.blog\/?p=1145"},"modified":"2026-03-19T14:20:12","modified_gmt":"2026-03-19T13:20:12","slug":"bang-geneva-thanh-pho-quoc-te-va-thuc-tai-thuy-si","status":"publish","type":"post","link":"https:\/\/schweiz.blog\/vi\/kanton-genf-internationale-stadt-und-schweizer-realitaet\/","title":{"rendered":"Bang Geneva \u2013 Th\u00e0nh ph\u1ed1 qu\u1ed1c t\u1ebf v\u00e0 th\u1ef1c t\u1ea1i Th\u1ee5y S\u0129"},"content":{"rendered":"<p class=\"wp-block-paragraph\">C\u00e1i <strong><a href=\"https:\/\/schweiz.blog\/vi\/loai\/bang-geneva\/\" data-type=\"category\" data-id=\"3125\">Canton Geneva<\/a><\/strong> \u0110\u00e2y l\u00e0 m\u1ed9t th\u00e0nh ph\u1ed1 \u0111\u1ed9c \u0111\u00e1o trong to\u00e0n Th\u1ee5y S\u0129. Bang Geneva c\u00f3 m\u1ea1ng l\u01b0\u1edbi k\u1ebft n\u1ed1i to\u00e0n c\u1ea7u, l\u00e0 trung t\u00e2m ngo\u1ea1i giao, \u0111\u1ed3ng th\u1eddi c\u0169ng l\u00e0 m\u1ed9t khu d\u00e2n c\u01b0 \u0111\u00f4ng \u0111\u00fac v\u1edbi nh\u1eefng th\u00e1ch th\u1ee9c x\u00e3 h\u1ed9i ri\u00eang.<\/p>\n\n\n\n<h3 class=\"wp-block-heading\">C\u00e1c t\u1ed5 ch\u1ee9c qu\u1ed1c t\u1ebf v\u00e0 t\u1ea7m \u1ea3nh h\u01b0\u1edfng<\/h3>\n\n\n\n<p class=\"wp-block-paragraph\">Geneva l\u00e0 n\u01a1i \u0111\u1eb7t tr\u1ee5 s\u1edf c\u1ee7a nhi\u1ec1u t\u1ed5 ch\u1ee9c qu\u1ed1c t\u1ebf, c\u00e1c t\u1ed5 ch\u1ee9c phi ch\u00ednh ph\u1ee7 v\u00e0 c\u00e1c ph\u00e1i \u0111o\u00e0n ngo\u1ea1i giao. S\u1ef1 hi\u1ec7n di\u1ec7n n\u00e0y c\u00f3 t\u00e1c \u0111\u1ed9ng r\u1ea5t l\u1edbn \u0111\u1ebfn n\u1ec1n kinh t\u1ebf, th\u1ecb tr\u01b0\u1eddng lao \u0111\u1ed9ng v\u00e0 c\u1ea3nh quan \u0111\u00f4 th\u1ecb.<\/p>\n\n\n\n<p class=\"wp-block-paragraph\">\u0110i\u1ec3n h\u00ecnh cho bang n\u00e0y:<\/p>\n\n\n\n<ul class=\"wp-block-list\">\n<li>nh\u1eadp c\u01b0 qu\u1ed1c t\u1ebf cao<\/li>\n\n\n\n<li>cu\u1ed9c s\u1ed1ng th\u01b0\u1eddng nh\u1eadt \u0111a ng\u00f4n ng\u1eef<\/li>\n\n\n\n<li>m\u1ea1ng l\u01b0\u1edbi to\u00e0n c\u1ea7u m\u1ea1nh m\u1ebd<\/li>\n<\/ul>\n\n\n\n<p class=\"wp-block-paragraph\">\u0110\u1ed3ng th\u1eddi, m\u1ed9t kho\u1ea3ng c\u00e1ch nh\u1ea5t \u0111\u1ecbnh \u0111\u01b0\u1ee3c t\u1ea1o ra gi\u1eefa Geneva qu\u1ed1c t\u1ebf v\u00e0 ng\u01b0\u1eddi d\u00e2n \u0111\u1ecba ph\u01b0\u01a1ng.<\/p>\n\n\n\n<h3 class=\"wp-block-heading\">Kinh t\u1ebf v\u00e0 th\u1ecb tr\u01b0\u1eddng lao \u0111\u1ed9ng<\/h3>\n\n\n\n<p class=\"wp-block-paragraph\">B\u00ean c\u1ea1nh c\u00e1c t\u1ed5 ch\u1ee9c qu\u1ed1c t\u1ebf, d\u1ecbch v\u1ee5 t\u00e0i ch\u00ednh, th\u01b0\u01a1ng m\u1ea1i v\u00e0 h\u00e0ng h\u00f3a xa x\u1ec9 c\u0169ng \u0111\u00f3ng vai tr\u00f2 quan tr\u1ecdng. Th\u1ecb tr\u01b0\u1eddng lao \u0111\u1ed9ng mang t\u00ednh qu\u1ed1c t\u1ebf cao v\u00e0 \u0111\u1ed3ng th\u1eddi c\u00f3 t\u00ednh c\u1ea1nh tranh gay g\u1eaft.<\/p>\n\n\n\n<p class=\"wp-block-paragraph\">Thu nh\u1eadp cao th\u01b0\u1eddng \u0111i k\u00e8m v\u1edbi chi ph\u00ed sinh ho\u1ea1t cao \u2013 \u0111\u1eb7c bi\u1ec7t l\u00e0 tr\u00ean th\u1ecb tr\u01b0\u1eddng nh\u00e0 \u1edf.<\/p>\n\n\n\n<h3 class=\"wp-block-heading\">Cu\u1ed9c s\u1ed1ng \u1edf v\u00f9ng bi\u00ean gi\u1edbi \u0111\u00f4 th\u1ecb<\/h3>\n\n\n\n<p class=\"wp-block-paragraph\"><a href=\"https:\/\/schweiz.blog\/vi\/loai\/bang-geneva\/\" data-type=\"category\" data-id=\"3125\">Geneva <\/a>N\u00f3 n\u1eb1m ngay tr\u00ean bi\u00ean gi\u1edbi Ph\u00e1p. Nhi\u1ec1u ng\u01b0\u1eddi \u0111i l\u1ea1i h\u00e0ng ng\u00e0y t\u1eeb Ph\u00e1p sang Th\u1ee5y S\u0129. T\u00ecnh h\u00ecnh bi\u00ean gi\u1edbi n\u00e0y \u1ea3nh h\u01b0\u1edfng m\u1ea1nh m\u1ebd \u0111\u1ebfn giao th\u00f4ng, nh\u00e0 \u1edf v\u00e0 c\u00e1c cu\u1ed9c tranh lu\u1eadn ch\u00ednh tr\u1ecb.<\/p>\n\n\n\n<p class=\"wp-block-paragraph\">H\u1ed3 Geneva mang \u0111\u1ebfn ch\u1ea5t l\u01b0\u1ee3ng cu\u1ed9c s\u1ed1ng, ho\u1ea1t \u0111\u1ed9ng gi\u1ea3i tr\u00ed v\u00e0 b\u1ea3n s\u1eafc v\u0103n h\u00f3a c\u00f9ng m\u1ed9t l\u00fac.<\/p>\n\n\n\n<h3 class=\"wp-block-heading\">Th\u00e1ch th\u1ee9c x\u00e3 h\u1ed9i<\/h3>\n\n\n\n<p class=\"wp-block-paragraph\">B\u1ea5t b\u00ecnh \u0111\u1eb3ng x\u00e3 h\u1ed9i, thi\u1ebfu nh\u00e0 \u1edf v\u00e0 h\u1ed9i nh\u1eadp l\u00e0 nh\u1eefng v\u1ea5n \u0111\u1ec1 then ch\u1ed1t. Geneva \u0111\u01b0\u1ee3c coi l\u00e0 m\u1ed9t th\u00e0nh ph\u1ed1 c\u1edfi m\u1edf v\u00e0 khoan dung, nh\u01b0ng l\u1ea1i ph\u1ea3i v\u1eadt l\u1ed9n nhi\u1ec1u h\u01a1n c\u00e1c bang kh\u00e1c v\u1edbi nh\u1eefng c\u0103ng th\u1eb3ng n\u1ed9i \u0111\u00f4.<\/p>\n\n\n\n<h3 class=\"wp-block-heading\">Tri\u1ec3n v\u1ecdng t\u01b0\u01a1ng lai<\/h3>\n\n\n\n<p class=\"wp-block-paragraph\">C\u00e1i <a href=\"https:\/\/schweiz.blog\/vi\/loai\/bang-geneva\/\" data-type=\"category\" data-id=\"3125\">Canton Geneva<\/a> Th\u1ee5y S\u0129 \u0111ang \u0111\u1ed1i m\u1eb7t v\u1edbi th\u00e1ch th\u1ee9c c\u00e2n b\u1eb1ng t\u1ed1t h\u01a1n gi\u1eefa vai tr\u00f2 qu\u1ed1c t\u1ebf v\u00e0 ch\u1ea5t l\u01b0\u1ee3ng cu\u1ed9c s\u1ed1ng \u0111\u1ecba ph\u01b0\u01a1ng. N\u1ebfu th\u00e0nh c\u00f4ng, qu\u1ed1c gia n\u00e0y s\u1ebd v\u1eabn l\u00e0 m\u1ed9t \u0111\u1ecba \u0111i\u1ec3m quan tr\u1ecdng tr\u00ean to\u00e0n c\u1ea7u v\u1edbi s\u1ef1 \u1ed5n \u0111\u1ecbnh \u0111\u1eb7c th\u00f9 c\u1ee7a Th\u1ee5y S\u0129.<\/p>\n\n\n\n<!-- schweiz.blog x schweiz.work -->\n<div style=\"  margin:56px 0;  padding:24px 28px;  border-left:3px solid #60a5fa;  background:rgba(255,255,255,0.02);  color:#e5e7eb;  font-family:system-ui,sans-serif;\">\n  <p style=\"margin:0 0 12px 0; font-size:15px; line-height:1.7;\">\n    Ngo\u00e0i blog n\u00e0y, ch\u00fang t\u00f4i c\u00f2n v\u1eadn h\u00e0nh <strong>schweiz.work<\/strong>  \n    m\u1ed9t n\u1ec1n t\u1ea3ng cung c\u1ea5p d\u1ecbch v\u1ee5 t\u1ea1i Th\u1ee5y S\u0129.\n  <\/p>\n\n  <p style=\"margin:0; font-size:15px;\">\n    <a href=\"https:\/\/schweiz.work\/?ref=schweizblog\" style=\"color:#93c5fd; font-weight:500; text-decoration:none;\" target=\"_blank\" rel=\"noopener\">\n      1 qu\u1ea3ng c\u00e1o mi\u1ec5n ph\u00ed trong 30 ng\u00e0y \u2192\n    <\/a>\n  <\/p>\n<\/div>\n<!-- \/schweiz.blog x schweiz.work -->","protected":false},"excerpt":{"rendered":"Der Kanton Genf ist einzigartig innerhalb der Schweiz. Der Kanton Genf ist global vernetzt, diplomatisches Zentrum und gleichzeitig&hellip;","protected":false},"author":274216737,"featured_media":1149,"comment_status":"open","ping_status":"open","sticky":false,"template":"","format":"standard","meta":{"_crdt_document":"","_jetpack_newsletter_access":"","_jetpack_dont_email_post_to_subs":true,"_jetpack_newsletter_tier_id":0,"_jetpack_memberships_contains_paywalled_content":false,"csco_display_header_overlay":false,"csco_singular_sidebar":"","csco_page_header_type":"","csco_page_load_nextpost":"","csco_page_reading_time":"","csco_page_toc_navigation":"","csco_post_video_location":[],"csco_post_video_location_hash":"","csco_post_video_url":"","csco_post_video_bg_start_time":0,"csco_post_video_bg_end_time":0,"csco_post_video_bg_volume":false,"_jetpack_memberships_contains_paid_content":false,"footnotes":"","jetpack_post_was_ever_published":false},"categories":[3125],"tags":[3213,3215,3216,3217,3214,3212],"class_list":{"0":"post-1145","1":"post","2":"type-post","3":"status-publish","4":"format-standard","5":"has-post-thumbnail","7":"category-kanton-genf","8":"tag-genf-gesellschaft","9":"tag-genf-international","10":"tag-genf-wirtschaft","11":"tag-genfersee-stadt","12":"tag-kanton-genf","13":"tag-leben-im-kanton-genf","14":"cs-entry","15":"cs-video-wrap"},"jetpack_featured_media_url":"https:\/\/i0.wp.com\/schweiz.blog\/wp-content\/uploads\/2025\/12\/20251228_1309_Kanton-Genf-Minimalismus_simple_compose_01kdjdtf2gfytvyrbanr9wnfgy.png?fit=1536%2C1024&ssl=1","jetpack_sharing_enabled":true,"jetpack_shortlink":"https:\/\/wp.me\/pgWLwP-it","_links":{"self":[{"href":"https:\/\/schweiz.blog\/vi\/wp-json\/wp\/v2\/posts\/1145","targetHints":{"allow":["GET"]}}],"collection":[{"href":"https:\/\/schweiz.blog\/vi\/wp-json\/wp\/v2\/posts"}],"about":[{"href":"https:\/\/schweiz.blog\/vi\/wp-json\/wp\/v2\/types\/post"}],"author":[{"embeddable":true,"href":"https:\/\/schweiz.blog\/vi\/wp-json\/wp\/v2\/users\/274216737"}],"replies":[{"embeddable":true,"href":"https:\/\/schweiz.blog\/vi\/wp-json\/wp\/v2\/comments?post=1145"}],"version-history":[{"count":3,"href":"https:\/\/schweiz.blog\/vi\/wp-json\/wp\/v2\/posts\/1145\/revisions"}],"predecessor-version":[{"id":1150,"href":"https:\/\/schweiz.blog\/vi\/wp-json\/wp\/v2\/posts\/1145\/revisions\/1150"}],"wp:featuredmedia":[{"embeddable":true,"href":"https:\/\/schweiz.blog\/vi\/wp-json\/wp\/v2\/media\/1149"}],"wp:attachment":[{"href":"https:\/\/schweiz.blog\/vi\/wp-json\/wp\/v2\/media?parent=1145"}],"wp:term":[{"taxonomy":"category","embeddable":true,"href":"https:\/\/schweiz.blog\/vi\/wp-json\/wp\/v2\/categories?post=1145"},{"taxonomy":"post_tag","embeddable":true,"href":"https:\/\/schweiz.blog\/vi\/wp-json\/wp\/v2\/tags?post=1145"}],"curies":[{"name":"wp","href":"https:\/\/api.w.org\/{rel}","templated":true}]}}