{"id":1184,"date":"2025-12-28T13:31:18","date_gmt":"2025-12-28T12:31:18","guid":{"rendered":"https:\/\/schweiz.blog\/?p=1184"},"modified":"2026-03-19T14:20:06","modified_gmt":"2026-03-19T13:20:06","slug":"bang-appenzell-innerrhoden-truyen-thong-doc-lap-va-cong-dong","status":"publish","type":"post","link":"https:\/\/schweiz.blog\/vi\/kanton-appenzell-innerrhoden-tradition-eigenstaendigkeit-und-gemeinschaft\/","title":{"rendered":"Bang Appenzell Innerrhoden \u2013 Truy\u1ec1n th\u1ed1ng, \u0111\u1ed9c l\u1eadp v\u00e0 c\u1ed9ng \u0111\u1ed3ng"},"content":{"rendered":"<p class=\"wp-block-paragraph\">C\u00e1i <strong><a href=\"https:\/\/schweiz.blog\/vi\/loai\/bang-appenzell-innerrhoden\/\" data-type=\"category\" data-id=\"3116\">Bang Appenzell Innerrhoden<\/a><\/strong> Appenzell Innerrhoden l\u00e0 bang nh\u1ecf nh\u1ea5t \u1edf Th\u1ee5y S\u0129. N\u01a1i \u0111\u00e2y n\u1ed5i ti\u1ebfng v\u1edbi truy\u1ec1n th\u1ed1ng, t\u00ednh \u0111\u1ed9c l\u1eadp v\u00e0 tinh th\u1ea7n c\u1ed9ng \u0111\u1ed3ng m\u1ea1nh m\u1ebd.<\/p>\n\n\n\n<h3 class=\"wp-block-heading\">S\u1ed1ng \u1edf quy m\u00f4 nh\u1ecf nh\u1ea5t<\/h3>\n\n\n\n<p class=\"wp-block-paragraph\">C\u1ea5u tr\u00fac t\u1ed5 ch\u1ee9c d\u1ec5 qu\u1ea3n l\u00fd. M\u1ecdi ng\u01b0\u1eddi quen bi\u1ebft nhau, c\u00e1c quy\u1ebft \u0111\u1ecbnh \u0111\u01b0\u1ee3c \u0111\u01b0a ra tr\u1ef1c ti\u1ebfp v\u00e0 tr\u00e1ch nhi\u1ec7m \u0111\u01b0\u1ee3c ph\u00e2n \u0111\u1ecbnh r\u00f5 r\u00e0ng. \u0110i\u1ec1u n\u00e0y gi\u00fap nhi\u1ec1u vi\u1ec7c tr\u1edf n\u00ean d\u1ec5 d\u00e0ng h\u01a1n \u2013 nh\u01b0ng c\u0169ng h\u1ea1n ch\u1ebf c\u00e1c kh\u1ea3 n\u0103ng.<\/p>\n\n\n\n<p class=\"wp-block-paragraph\">Nhi\u1ec1u ng\u01b0\u1eddi \u0111\u00e1nh gi\u00e1 cao:<\/p>\n\n\n\n<ul class=\"wp-block-list\">\n<li>Khu v\u1ef1c l\u00e2n c\u1eadn<\/li>\n\n\n\n<li>B\u1ea3o v\u1ec7<\/li>\n\n\n\n<li>gi\u00e1 tr\u1ecb r\u00f5 r\u00e0ng<\/li>\n<\/ul>\n\n\n\n<h3 class=\"wp-block-heading\">Th\u1ef1c t\u1ebf kinh t\u1ebf<\/h3>\n\n\n\n<p class=\"wp-block-paragraph\">N\u1ec1n kinh t\u1ebf n\u01a1i \u0111\u00e2y ch\u1ee7 y\u1ebfu d\u1ef1a v\u00e0o du l\u1ecbch, n\u00f4ng nghi\u1ec7p, th\u1ee7 c\u00f4ng m\u1ef9 ngh\u1ec7 v\u00e0 c\u00e1c doanh nghi\u1ec7p nh\u1ecf. Kh\u00f4ng c\u00f3 c\u00e1c doanh nghi\u1ec7p l\u1edbn, v\u00e0 vi\u1ec7c \u0111i l\u1ea1i h\u00e0ng ng\u00e0y r\u1ea5t ph\u1ed5 bi\u1ebfn.<\/p>\n\n\n\n<p class=\"wp-block-paragraph\">Tr\u1ecdng t\u00e2m l\u00e0 s\u1ef1 \u1ed5n \u0111\u1ecbnh, ch\u1ee9 kh\u00f4ng ph\u1ea3i t\u0103ng tr\u01b0\u1edfng.<\/p>\n\n\n\n<h3 class=\"wp-block-heading\">X\u00e3 h\u1ed9i v\u00e0 v\u0103n h\u00f3a ch\u00ednh tr\u1ecb<\/h3>\n\n\n\n<p class=\"wp-block-paragraph\">Landsgemeinde (h\u1ed9i \u0111\u1ed3ng c\u1ea5p bang) l\u00e0 hi\u1ec7n th\u00e2n c\u1ee7a n\u1ec1n d\u00e2n ch\u1ee7 trong th\u1ef1c ti\u1ec5n. C\u00e1c quy\u1ebft \u0111\u1ecbnh \u0111\u01b0\u1ee3c \u0111\u01b0a ra c\u00f4ng khai, v\u00e0 tr\u00e1ch nhi\u1ec7m \u0111\u01b0\u1ee3c th\u1ec3 hi\u1ec7n r\u00f5 r\u00e0ng. Truy\u1ec1n th\u1ed1ng \u0111\u01b0\u1ee3c g\u00ecn gi\u1eef v\u1eefng ch\u1eafc v\u00e0 \u0111\u01b0\u1ee3c x\u00e3 h\u1ed9i \u1ee7ng h\u1ed9 r\u1ed9ng r\u00e3i.<\/p>\n\n\n\n<h3 class=\"wp-block-heading\">\u0110\u1ed1i ph\u00f3 v\u1edbi s\u1ef1 thay \u0111\u1ed5i<\/h3>\n\n\n\n<p class=\"wp-block-paragraph\">Nh\u1eefng thay \u0111\u1ed5i di\u1ec5n ra ch\u1eadm r\u00e3i v\u00e0 c\u00f3 ch\u1ee7 \u0111\u00edch. Nh\u1eefng ph\u00e1t tri\u1ec3n m\u1edbi \u0111\u01b0\u1ee3c xem x\u00e9t k\u1ef9 l\u01b0\u1ee1ng, ch\u1ee9 kh\u00f4ng b\u1ecb b\u00e1c b\u1ecf m\u1ed9t c\u00e1ch v\u1ed9i v\u00e0ng.<\/p>\n\n\n\n<h3 class=\"wp-block-heading\">Nh\u00ecn v\u1ec1 ph\u00eda tr\u01b0\u1edbc<\/h3>\n\n\n\n<p class=\"wp-block-paragraph\">C\u00e1i <a href=\"https:\/\/schweiz.blog\/vi\/loai\/bang-appenzell-innerrhoden\/\" data-type=\"category\" data-id=\"3116\">Bang Appenzell Innerrhoden<\/a> N\u00f3 s\u1ebd v\u1eabn gi\u1eef quy m\u00f4 nh\u1ecf \u2013 \u0111\u00f3 l\u00e0 \u0111i\u1ec1u c\u00f3 ch\u1ee7 \u00fd. S\u1ee9c m\u1ea1nh c\u1ee7a n\u00f3 n\u1eb1m \u1edf s\u1ef1 r\u00f5 r\u00e0ng, tinh th\u1ea7n c\u1ed9ng \u0111\u1ed3ng v\u00e0 b\u1ea3n s\u1eafc ri\u00eang, nh\u1eefng \u0111i\u1ec1u \u0111\u00e3 tr\u1edf n\u00ean hi\u1ebfm hoi \u1edf Th\u1ee5y S\u0129 hi\u1ec7n \u0111\u1ea1i.<\/p>\n\n\n\n<!-- schweiz.blog x schweiz.work -->\n<div style=\"  margin:56px 0;  padding:24px 28px;  border-left:3px solid #60a5fa;  background:rgba(255,255,255,0.02);  color:#e5e7eb;  font-family:system-ui,sans-serif;\">\n  <p style=\"margin:0 0 12px 0; font-size:15px; line-height:1.7;\">\n    Ngo\u00e0i blog n\u00e0y, ch\u00fang t\u00f4i c\u00f2n v\u1eadn h\u00e0nh <strong>schweiz.work<\/strong>  \n    m\u1ed9t n\u1ec1n t\u1ea3ng cung c\u1ea5p d\u1ecbch v\u1ee5 t\u1ea1i Th\u1ee5y S\u0129.\n  <\/p>\n\n  <p style=\"margin:0; font-size:15px;\">\n    <a href=\"https:\/\/schweiz.work\/?ref=schweizblog\" style=\"color:#93c5fd; font-weight:500; text-decoration:none;\" target=\"_blank\" rel=\"noopener\">\n      1 qu\u1ea3ng c\u00e1o mi\u1ec5n ph\u00ed trong 30 ng\u00e0y \u2192\n    <\/a>\n  <\/p>\n<\/div>\n<!-- \/schweiz.blog x schweiz.work -->","protected":false},"excerpt":{"rendered":"Der Kanton Appenzell Innerrhoden ist der kleinste Kanton der Schweiz. Der Kanton Appenzell Innerrhoden steht f\u00fcr Tradition, Eigenst\u00e4ndigkeit&hellip;","protected":false},"author":274216737,"featured_media":1181,"comment_status":"open","ping_status":"open","sticky":false,"template":"","format":"standard","meta":{"_crdt_document":"","_jetpack_newsletter_access":"","_jetpack_dont_email_post_to_subs":true,"_jetpack_newsletter_tier_id":0,"_jetpack_memberships_contains_paywalled_content":false,"csco_display_header_overlay":false,"csco_singular_sidebar":"","csco_page_header_type":"","csco_page_load_nextpost":"","csco_page_reading_time":"","csco_page_toc_navigation":"","csco_post_video_location":[],"csco_post_video_location_hash":"","csco_post_video_url":"","csco_post_video_bg_start_time":0,"csco_post_video_bg_end_time":0,"csco_post_video_bg_volume":false,"_jetpack_memberships_contains_paid_content":false,"footnotes":"","jetpack_post_was_ever_published":false},"categories":[3116],"tags":[3269,3267,3268,3265,3266],"class_list":{"0":"post-1184","1":"post","2":"type-post","3":"status-publish","4":"format-standard","5":"has-post-thumbnail","7":"category-kanton-appenzell-innerrhoden","8":"tag-appenzell-ai-tradition","9":"tag-appenzell-ai-wirtschaft","10":"tag-innerrhoden-gesellschaft","11":"tag-kanton-appenzell-innerrhoden","12":"tag-leben-im-kanton-appenzell-innerrhoden","13":"cs-entry","14":"cs-video-wrap"},"jetpack_featured_media_url":"https:\/\/i0.wp.com\/schweiz.blog\/wp-content\/uploads\/2025\/12\/20251228_1328_Appenzell-Innerrhoden-Minimalism_simple_compose_01kdjew8zdedxaymnytsqckca0.png?fit=1536%2C1024&ssl=1","jetpack_sharing_enabled":true,"jetpack_shortlink":"https:\/\/wp.me\/pgWLwP-j6","_links":{"self":[{"href":"https:\/\/schweiz.blog\/vi\/wp-json\/wp\/v2\/posts\/1184","targetHints":{"allow":["GET"]}}],"collection":[{"href":"https:\/\/schweiz.blog\/vi\/wp-json\/wp\/v2\/posts"}],"about":[{"href":"https:\/\/schweiz.blog\/vi\/wp-json\/wp\/v2\/types\/post"}],"author":[{"embeddable":true,"href":"https:\/\/schweiz.blog\/vi\/wp-json\/wp\/v2\/users\/274216737"}],"replies":[{"embeddable":true,"href":"https:\/\/schweiz.blog\/vi\/wp-json\/wp\/v2\/comments?post=1184"}],"version-history":[{"count":2,"href":"https:\/\/schweiz.blog\/vi\/wp-json\/wp\/v2\/posts\/1184\/revisions"}],"predecessor-version":[{"id":1186,"href":"https:\/\/schweiz.blog\/vi\/wp-json\/wp\/v2\/posts\/1184\/revisions\/1186"}],"wp:featuredmedia":[{"embeddable":true,"href":"https:\/\/schweiz.blog\/vi\/wp-json\/wp\/v2\/media\/1181"}],"wp:attachment":[{"href":"https:\/\/schweiz.blog\/vi\/wp-json\/wp\/v2\/media?parent=1184"}],"wp:term":[{"taxonomy":"category","embeddable":true,"href":"https:\/\/schweiz.blog\/vi\/wp-json\/wp\/v2\/categories?post=1184"},{"taxonomy":"post_tag","embeddable":true,"href":"https:\/\/schweiz.blog\/vi\/wp-json\/wp\/v2\/tags?post=1184"}],"curies":[{"name":"wp","href":"https:\/\/api.w.org\/{rel}","templated":true}]}}