{"id":1260,"date":"2025-12-28T15:56:07","date_gmt":"2025-12-28T14:56:07","guid":{"rendered":"https:\/\/schweiz.blog\/?p=1260"},"modified":"2026-03-19T14:19:52","modified_gmt":"2026-03-19T13:19:52","slug":"canton-basel-landschaft-10-su-that-thu-vi-ve-cac-do-thi-va-dac-diem-noi-bat","status":"publish","type":"post","link":"https:\/\/schweiz.blog\/vi\/kanton-basel-landschaft-top-10-fakten-gemeinden-und-besonderheiten\/","title":{"rendered":"Canton Basel-Landschaft \u2013 10 s\u1ef1 th\u1eadt, \u0111\u00f4 th\u1ecb v\u00e0 \u0111\u1eb7c \u0111i\u1ec3m n\u1ed5i b\u1eadt h\u00e0ng \u0111\u1ea7u"},"content":{"rendered":"<p class=\"wp-block-paragraph\">C\u00e1i <strong><a href=\"https:\/\/schweiz.blog\/vi\/loai\/kanton-basel-landschaft\/\" data-type=\"category\" data-id=\"3113\">Canton Basel-Landschaft<\/a><\/strong> N\u00f3 t\u1ea1o th\u00e0nh x\u01b0\u01a1ng s\u1ed1ng c\u1ee7a khu v\u1ef1c ba qu\u1ed1c gia xung quanh Basel. Bang Basel-Landschaft k\u1ebft h\u1ee3p sinh s\u1ed1ng, l\u00e0m vi\u1ec7c v\u00e0 c\u00f4ng nghi\u1ec7p trong ph\u1ea1m vi g\u1ea7n th\u00e0nh ph\u1ed1 \u2013 v\u1edbi b\u1ea3n s\u1eafc ri\u00eang v\u00e0 c\u1ea5u tr\u00fac r\u00f5 r\u00e0ng.<\/p>\n\n\n\n<h3 class=\"wp-block-heading\">Top 10 trong nh\u00e1y m\u1eaft<\/h3>\n\n\n\n<p class=\"wp-block-paragraph\"><strong>1. Qu\u1eadn c\u01b0 tr\u00fa c\u1ee7a th\u00e0nh ph\u1ed1 Basel<\/strong><br>Nhi\u1ec1u ng\u01b0\u1eddi l\u00e0m vi\u1ec7c \u1edf Basel-Stadt v\u00e0 s\u1ed1ng \u1edf Basel-Landschaft.<\/p>\n\n\n\n<p class=\"wp-block-paragraph\"><strong>2. Quy\u1ec1n t\u1ef1 ch\u1ee7 m\u1ea1nh m\u1ebd c\u1ee7a ch\u00ednh quy\u1ec1n \u0111\u1ecba ph\u01b0\u01a1ng<\/strong><br>C\u00e1c c\u1ed9ng \u0111\u1ed3ng t\u00edch c\u1ef1c tham gia v\u00e0o vi\u1ec7c \u0111\u1ecbnh h\u00ecnh s\u1ef1 ph\u00e1t tri\u1ec3n.<\/p>\n\n\n\n<p class=\"wp-block-paragraph\"><strong>3. Ng\u00e0nh c\u00f4ng nghi\u1ec7p v\u00e0 c\u00e1c doanh nghi\u1ec7p v\u1eeba v\u00e0 nh\u1ecf<\/strong><br>C\u00e1c l\u0129nh v\u1ef1c s\u1ea3n xu\u1ea5t, h\u1eadu c\u1ea7n v\u00e0 d\u1ecbch v\u1ee5 \u0111\u01b0\u1ee3c th\u1ec3 hi\u1ec7n r\u1ed9ng r\u00e3i.<\/p>\n\n\n\n<p class=\"wp-block-paragraph\"><strong>4. Khu v\u1ef1c \u0111i l\u1ea1i h\u00e0ng ng\u00e0y v\u1edbi m\u1ee9c \u0111\u1ed9 di chuy\u1ec3n cao<\/strong><br>L\u01b0u l\u01b0\u1ee3ng giao th\u00f4ng h\u00e0ng ng\u00e0y \u0111\u1ecbnh h\u00ecnh cu\u1ed9c s\u1ed1ng th\u01b0\u1eddng nh\u1eadt.<\/p>\n\n\n\n<p class=\"wp-block-paragraph\"><strong>5. V\u1ecb tr\u00ed g\u1ea7n d\u00e3y n\u00fai Jura<\/strong><br>Thi\u00ean nhi\u00ean, khu vui ch\u01a1i gi\u1ea3i tr\u00ed v\u00e0 v\u00f9ng n\u00f4ng th\u00f4n ngay tr\u01b0\u1edbc c\u1eeda nh\u00e0 b\u1ea1n.<\/p>\n\n\n\n<p class=\"wp-block-paragraph\"><strong>6. Liestal l\u00e0 trung t\u00e2m h\u00e0nh ch\u00ednh<\/strong><br>Nh\u1ecf g\u1ecdn, ti\u1ec7n d\u1ee5ng v\u00e0 c\u00f3 v\u1ecb tr\u00ed ch\u00ednh tr\u1ecb trung t\u00e2m.<\/p>\n\n\n\n<p class=\"wp-block-paragraph\"><strong>7. Kh\u00f4ng gian s\u1ed1ng t\u01b0\u01a1ng \u0111\u1ed1i v\u1eeba ph\u1ea3i<\/strong><br>R\u1ebb h\u01a1n th\u00e0nh ph\u1ed1, nh\u01b0ng nhu c\u1ea7u ng\u00e0y c\u00e0ng t\u0103ng.<\/p>\n\n\n\n<p class=\"wp-block-paragraph\"><strong>8. C\u01a1 s\u1edf h\u1ea1 t\u1ea7ng gi\u00e1o d\u1ee5c v\u00e0 y t\u1ebf<\/strong><br>Tr\u01b0\u1eddng h\u1ecdc, b\u1ec7nh vi\u1ec7n v\u00e0 c\u00e1c d\u1ecbch v\u1ee5 c\u00f4ng c\u1ed9ng \u0111\u1ec1u ph\u00e1t tri\u1ec3n t\u1ed1t.<\/p>\n\n\n\n<p class=\"wp-block-paragraph\"><strong>9. T\u01b0 duy th\u1ef1c t\u1ebf<\/strong><br>Mang t\u00ednh th\u1ef1c d\u1ee5ng, g\u1eafn b\u00f3 v\u1edbi v\u00f9ng mi\u1ec1n v\u00e0 kh\u00f4ng qu\u00e1 n\u1eb7ng v\u1ec1 m\u1eb7t \u00fd th\u1ee9c h\u1ec7.<\/p>\n\n\n\n<p class=\"wp-block-paragraph\"><strong>10. Quan h\u1ec7 m\u1eadt thi\u1ebft v\u1edbi c\u00e1c bang l\u00e2n c\u1eadn<\/strong><br>H\u1ee3p t\u00e1c gi\u1eefa c\u00e1c bang l\u00e0 chuy\u1ec7n th\u01b0\u1eddng ng\u00e0y.<\/p>\n\n\n\n<h3 class=\"wp-block-heading\">V\u00ec sao 10 \u0111i\u1ec1u h\u00e0ng \u0111\u1ea7u n\u00e0y lu\u00f4n c\u00f3 gi\u00e1 tr\u1ecb l\u00e2u d\u00e0i<\/h3>\n\n\n\n<p class=\"wp-block-paragraph\">Bang Basel-Landschaft \u0111\u01b0\u1ee3c h\u01b0\u1edfng l\u1ee3i t\u1eeb v\u1ecb tr\u00ed g\u1ea7n th\u00e0nh ph\u1ed1 m\u00e0 kh\u00f4ng ph\u1ea3i l\u00e0 m\u1ed9t bang \u0111\u00f4 th\u1ecb h\u00f3a \u2013 s\u1ef1 c\u00e2n b\u1eb1ng n\u00e0y gi\u00fap n\u00f3 \u1ed5n \u0111\u1ecbnh.<\/p>\n\n\n\n<!-- schweiz.blog x schweiz.work -->\n<div style=\"  margin:56px 0;  padding:24px 28px;  border-left:3px solid #60a5fa;  background:rgba(255,255,255,0.02);  color:#e5e7eb;  font-family:system-ui,sans-serif;\">\n  <p style=\"margin:0 0 12px 0; font-size:15px; line-height:1.7;\">\n    Ngo\u00e0i blog n\u00e0y, ch\u00fang t\u00f4i c\u00f2n v\u1eadn h\u00e0nh <strong>schweiz.work<\/strong>  \n    m\u1ed9t n\u1ec1n t\u1ea3ng cung c\u1ea5p d\u1ecbch v\u1ee5 t\u1ea1i Th\u1ee5y S\u0129.\n  <\/p>\n\n  <p style=\"margin:0; font-size:15px;\">\n    <a href=\"https:\/\/schweiz.work\/?ref=schweizblog\" style=\"color:#93c5fd; font-weight:500; text-decoration:none;\" target=\"_blank\" rel=\"noopener\">\n      1 qu\u1ea3ng c\u00e1o mi\u1ec5n ph\u00ed trong 30 ng\u00e0y \u2192\n    <\/a>\n  <\/p>\n<\/div>\n<!-- \/schweiz.blog x schweiz.work -->","protected":false},"excerpt":{"rendered":"Der Kanton Basel-Landschaft bildet das R\u00fcckgrat der trinationalen Region rund um Basel. Der Kanton Basel-Landschaft vereint Wohnen, Arbeiten&hellip;","protected":false},"author":274216737,"featured_media":1263,"comment_status":"open","ping_status":"open","sticky":false,"template":"","format":"standard","meta":{"_crdt_document":"","_jetpack_newsletter_access":"","_jetpack_dont_email_post_to_subs":true,"_jetpack_newsletter_tier_id":0,"_jetpack_memberships_contains_paywalled_content":false,"csco_display_header_overlay":false,"csco_singular_sidebar":"","csco_page_header_type":"","csco_page_load_nextpost":"","csco_page_reading_time":"","csco_page_toc_navigation":"","csco_post_video_location":[],"csco_post_video_location_hash":"","csco_post_video_url":"","csco_post_video_bg_start_time":0,"csco_post_video_bg_end_time":0,"csco_post_video_bg_volume":false,"_jetpack_memberships_contains_paid_content":false,"footnotes":"","jetpack_post_was_ever_published":false},"categories":[3113],"tags":[3347,3345,3184,3183,3346],"class_list":{"0":"post-1260","1":"post","2":"type-post","3":"status-publish","4":"format-standard","5":"has-post-thumbnail","7":"category-kanton-basel-landschaft","8":"tag-basel-landschaft-fakten","9":"tag-baselbiet-region","10":"tag-kanton-basel-landschaft","11":"tag-leben-im-kanton-basel-landschaft","12":"tag-top-10-kanton-basel-landschaft","13":"cs-entry","14":"cs-video-wrap"},"jetpack_featured_media_url":"https:\/\/i0.wp.com\/schweiz.blog\/wp-content\/uploads\/2025\/12\/20251228_1554_Basel-Landschaft-Highlights_simple_compose_01kdjq86paegtsgq4cj139wcrw.png?fit=1536%2C1024&ssl=1","jetpack_sharing_enabled":true,"jetpack_shortlink":"https:\/\/wp.me\/pgWLwP-kk","_links":{"self":[{"href":"https:\/\/schweiz.blog\/vi\/wp-json\/wp\/v2\/posts\/1260","targetHints":{"allow":["GET"]}}],"collection":[{"href":"https:\/\/schweiz.blog\/vi\/wp-json\/wp\/v2\/posts"}],"about":[{"href":"https:\/\/schweiz.blog\/vi\/wp-json\/wp\/v2\/types\/post"}],"author":[{"embeddable":true,"href":"https:\/\/schweiz.blog\/vi\/wp-json\/wp\/v2\/users\/274216737"}],"replies":[{"embeddable":true,"href":"https:\/\/schweiz.blog\/vi\/wp-json\/wp\/v2\/comments?post=1260"}],"version-history":[{"count":2,"href":"https:\/\/schweiz.blog\/vi\/wp-json\/wp\/v2\/posts\/1260\/revisions"}],"predecessor-version":[{"id":1264,"href":"https:\/\/schweiz.blog\/vi\/wp-json\/wp\/v2\/posts\/1260\/revisions\/1264"}],"wp:featuredmedia":[{"embeddable":true,"href":"https:\/\/schweiz.blog\/vi\/wp-json\/wp\/v2\/media\/1263"}],"wp:attachment":[{"href":"https:\/\/schweiz.blog\/vi\/wp-json\/wp\/v2\/media?parent=1260"}],"wp:term":[{"taxonomy":"category","embeddable":true,"href":"https:\/\/schweiz.blog\/vi\/wp-json\/wp\/v2\/categories?post=1260"},{"taxonomy":"post_tag","embeddable":true,"href":"https:\/\/schweiz.blog\/vi\/wp-json\/wp\/v2\/tags?post=1260"}],"curies":[{"name":"wp","href":"https:\/\/api.w.org\/{rel}","templated":true}]}}